{"id":31306,"date":"2011-12-20T13:25:48","date_gmt":"2011-12-20T15:25:48","guid":{"rendered":"http:\/\/www.r2cpress.com.br\/v1\/?p=31306"},"modified":"2011-12-20T13:25:48","modified_gmt":"2011-12-20T15:25:48","slug":"evento-reunira-grandes-nomes-do-futebol-no-banco-da-vitoria","status":"publish","type":"post","link":"https:\/\/www.r2cpress.com.br\/v1\/2011\/12\/20\/evento-reunira-grandes-nomes-do-futebol-no-banco-da-vitoria\/","title":{"rendered":"Evento reunir\u00e1 grandes nomes  do futebol no Banco da Vit\u00f3ria"},"content":{"rendered":"<p>A partir das 15 horas desta sexta-feira (23), no Banco da Vit\u00f3ria, bairro da Zona Oeste de Ilh\u00e9us, alguns dos grandes nomes da hist\u00f3ria do futebol brasileiro estar\u00e3o participando de uma partida beneficente. No bojo do evento, al\u00e9m da doa\u00e7\u00e3o de 1 quilo de alimento n\u00e3o perec\u00edvel para torcedores e admiradores, tamb\u00e9m est\u00e1 prevista a doa\u00e7\u00e3o solid\u00e1ria de 5 quilos de alimentos por cada jogador. Entre os convidados, j\u00e1 est\u00e3o garantidas as presen\u00e7as do tetracampe\u00e3o mundial Aldair, de seus irm\u00e3os C\u00e9lio (bicampe\u00e3o do Campeonato Intermunicipal) e Clodoaldo (maior artilheiro da hist\u00f3ria Campeonato Intermunicipal), do lateral esquerdo Fernandinho (que defendeu o Vit\u00f3ria no Brasileir\u00e3o B deste ano), de Edelvan (que jogou no Santos) e de Adna\u00edldo (ex-Bahia).<br \/>\n<center><a href=\"http:\/\/www.r2cpress.com.br\/v1\/wp-content\/uploads\/jogos-mont.jpg\"><img loading=\"lazy\" src=\"http:\/\/www.r2cpress.com.br\/v1\/wp-content\/uploads\/jogos-mont.jpg\" alt=\"\" title=\"jogos mont\" width=\"500\" height=\"215\" class=\"aligncenter size-full wp-image-31307\" srcset=\"https:\/\/www.r2cpress.com.br\/v1\/wp-content\/uploads\/jogos-mont.jpg 500w, https:\/\/www.r2cpress.com.br\/v1\/wp-content\/uploads\/jogos-mont-300x129.jpg 300w\" sizes=\"(max-width: 500px) 100vw, 500px\" \/><\/a><\/center><br \/>\nDe acordo com os coordenadores do evento, ainda existem contatos sendo realizados com outros grandes atletas, entre eles os jogadores Neto Berola e Alan Bahia. De Ilh\u00e9us, participar\u00e3o figuras que fizeram a hist\u00f3ria no futebol local, a exemplo de Cafu, Arica, Bagageiro e Bico de Pato, entre diversos outros. Tamb\u00e9m participar\u00e3o do jogo beneficente praticantes, ex-praticantes e admiradores do esporte. Para tratar da realiza\u00e7\u00e3o do evento, Clodoaldo esteve esta semana na Prefeitura de Ilh\u00e9us, quando se reuniu com o superintendente municipal de Esportes, Alberto Kruschewsky. Tamb\u00e9m estar\u00e3o presentes na pr\u00f3xima sexta-feira, no Banco da Vit\u00f3ria, representantes                          das Ligas Ilheense e Itabunense de Futebol, que ap\u00f3iam a importante iniciativa. <\/p>\n","protected":false},"excerpt":{"rendered":"<p>A partir das 15 horas desta sexta-feira (23), no Banco da Vit\u00f3ria, bairro da Zona Oeste de Ilh\u00e9us, alguns dos grandes nomes da hist\u00f3ria do futebol brasileiro estar\u00e3o participando de uma partida beneficente. No bojo do evento, al\u00e9m da doa\u00e7\u00e3o de 1 quilo de alimento n\u00e3o perec\u00edvel para torcedores e admiradores, tamb\u00e9m est\u00e1 prevista a [&hellip;]<\/p>\n","protected":false},"author":2,"featured_media":0,"comment_status":"open","ping_status":"open","sticky":false,"template":"","format":"standard","meta":{"_links_to":"","_links_to_target":""},"categories":[23],"tags":[],"_links":{"self":[{"href":"https:\/\/www.r2cpress.com.br\/v1\/wp-json\/wp\/v2\/posts\/31306"}],"collection":[{"href":"https:\/\/www.r2cpress.com.br\/v1\/wp-json\/wp\/v2\/posts"}],"about":[{"href":"https:\/\/www.r2cpress.com.br\/v1\/wp-json\/wp\/v2\/types\/post"}],"author":[{"embeddable":true,"href":"https:\/\/www.r2cpress.com.br\/v1\/wp-json\/wp\/v2\/users\/2"}],"replies":[{"embeddable":true,"href":"https:\/\/www.r2cpress.com.br\/v1\/wp-json\/wp\/v2\/comments?post=31306"}],"version-history":[{"count":3,"href":"https:\/\/www.r2cpress.com.br\/v1\/wp-json\/wp\/v2\/posts\/31306\/revisions"}],"predecessor-version":[{"id":31310,"href":"https:\/\/www.r2cpress.com.br\/v1\/wp-json\/wp\/v2\/posts\/31306\/revisions\/31310"}],"wp:attachment":[{"href":"https:\/\/www.r2cpress.com.br\/v1\/wp-json\/wp\/v2\/media?parent=31306"}],"wp:term":[{"taxonomy":"category","embeddable":true,"href":"https:\/\/www.r2cpress.com.br\/v1\/wp-json\/wp\/v2\/categories?post=31306"},{"taxonomy":"post_tag","embeddable":true,"href":"https:\/\/www.r2cpress.com.br\/v1\/wp-json\/wp\/v2\/tags?post=31306"}],"curies":[{"name":"wp","href":"https:\/\/api.w.org\/{rel}","templated":true}]}}