{"id":31328,"date":"2011-12-20T15:04:56","date_gmt":"2011-12-20T17:04:56","guid":{"rendered":"http:\/\/www.r2cpress.com.br\/v1\/?p=31328"},"modified":"2011-12-20T17:21:15","modified_gmt":"2011-12-20T19:21:15","slug":"atencao-embasa-3","status":"publish","type":"post","link":"https:\/\/www.r2cpress.com.br\/v1\/2011\/12\/20\/atencao-embasa-3\/","title":{"rendered":"ATEN\u00c7\u00c3O EMBASA!!!"},"content":{"rendered":"<p>De: Jo\u00e3o Ot\u00e1vio <jotavioadvocacia @hotmail.com><br \/>\nAssunto: ATEN\u00c7\u00c3O EMBASA!!!<\/p>\n<p>Corpo da mensagem:<br \/>\nCaro Roberto Rabat Chame, sobre a reportagem com fotos ATEN\u00c7\u00c3O EMBASA!!! [veja abaixo], quero ressaltar que de s\u00e1bado at\u00e9 a data e hor\u00e1rio atual, houve v\u00e1rios acidentes, felizmente sem v\u00edtimas, e mirei a m\u00e1quina fotogr\u00e1fica agora, clicando acho que 03 fotos, onde constru\u00edram uma \u00e1rvore de natal no citado buraco da boca de lobo como \u00e9 conhecida, como uma homenagem por sinal muito justa ao Sr.&#8221; prefeito municipal&#8221; esqueci at\u00e9 o nome dele&#8230;am\u00e9m. Seguir\u00e1, ainda hoje, as fotos&#8230;<br \/>\nObrigado&#8230;<\/p>\n<p>&#8212;<br \/>\nEsta mensagem foi enviada atrav\u00e9s do formul\u00e1rio de contato do site R2CPRESS | A Letra Fria da Verdade http:\/\/www.r2cpress.com.br\/v1<br \/>\n<\/jotavioadvocacia><\/p>\n","protected":false},"excerpt":{"rendered":"<p>De: Jo\u00e3o Ot\u00e1vio Assunto: ATEN\u00c7\u00c3O EMBASA!!! Corpo da mensagem: Caro Roberto Rabat Chame, sobre a reportagem com fotos ATEN\u00c7\u00c3O EMBASA!!! [veja abaixo], quero ressaltar que de s\u00e1bado at\u00e9 a data e hor\u00e1rio atual, houve v\u00e1rios acidentes, felizmente sem v\u00edtimas, e mirei a m\u00e1quina fotogr\u00e1fica agora, clicando acho que 03 fotos, onde constru\u00edram uma \u00e1rvore de [&hellip;]<\/p>\n","protected":false},"author":2,"featured_media":0,"comment_status":"open","ping_status":"open","sticky":false,"template":"","format":"standard","meta":{"_links_to":"","_links_to_target":""},"categories":[10],"tags":[],"_links":{"self":[{"href":"https:\/\/www.r2cpress.com.br\/v1\/wp-json\/wp\/v2\/posts\/31328"}],"collection":[{"href":"https:\/\/www.r2cpress.com.br\/v1\/wp-json\/wp\/v2\/posts"}],"about":[{"href":"https:\/\/www.r2cpress.com.br\/v1\/wp-json\/wp\/v2\/types\/post"}],"author":[{"embeddable":true,"href":"https:\/\/www.r2cpress.com.br\/v1\/wp-json\/wp\/v2\/users\/2"}],"replies":[{"embeddable":true,"href":"https:\/\/www.r2cpress.com.br\/v1\/wp-json\/wp\/v2\/comments?post=31328"}],"version-history":[{"count":2,"href":"https:\/\/www.r2cpress.com.br\/v1\/wp-json\/wp\/v2\/posts\/31328\/revisions"}],"predecessor-version":[{"id":31330,"href":"https:\/\/www.r2cpress.com.br\/v1\/wp-json\/wp\/v2\/posts\/31328\/revisions\/31330"}],"wp:attachment":[{"href":"https:\/\/www.r2cpress.com.br\/v1\/wp-json\/wp\/v2\/media?parent=31328"}],"wp:term":[{"taxonomy":"category","embeddable":true,"href":"https:\/\/www.r2cpress.com.br\/v1\/wp-json\/wp\/v2\/categories?post=31328"},{"taxonomy":"post_tag","embeddable":true,"href":"https:\/\/www.r2cpress.com.br\/v1\/wp-json\/wp\/v2\/tags?post=31328"}],"curies":[{"name":"wp","href":"https:\/\/api.w.org\/{rel}","templated":true}]}}