{"id":31460,"date":"2011-12-21T22:53:23","date_gmt":"2011-12-22T00:53:23","guid":{"rendered":"http:\/\/www.r2cpress.com.br\/v1\/?p=31460"},"modified":"2011-12-21T22:53:23","modified_gmt":"2011-12-22T00:53:23","slug":"os-caminhos-dos-cotidianos-da-vida","status":"publish","type":"post","link":"https:\/\/www.r2cpress.com.br\/v1\/2011\/12\/21\/os-caminhos-dos-cotidianos-da-vida\/","title":{"rendered":"OS CAMINHOS DOS COTIDIANOS DA VIDA"},"content":{"rendered":"<p><img loading=\"lazy\" class=\"alignleft\" src=\"http:\/\/www.r2cpress.com.br\/v1\/wp-content\/uploads\/eduardo-afondo-cortado_150.jpg\" alt=\"\" width=\"150\" height=\"154\" \/>Caminhando pela estrada a fora, observo in\u00fameros desencontros na vida. Lamentos de toda a sorte. Uns reclamam que n\u00e3o t\u00eam dinheiro para comprar um par de sapatos, outros com largos sorrisos, mesmo n\u00e3o tendo os p\u00e9s e as pernas, exclamam que s\u00e3o felizes! Vejo deficientes, cegos e aleijados trabalhando, e outros sem coragem para trabalhar, mendigando esmolas.<\/p>\n<p>Procurei seguir adiante, pois sei que as pessoas parando no meio do caminho n\u00e3o chegam a lugar nenhum! Como posso parar se fa\u00e7o parte do mundo em que resido, tendo sido colocado para sentir as vibra\u00e7\u00f5es de um universo inesperadamente vol\u00favel!<\/p>\n<p>E, assim foi que aprendi, olhando ao meu redor, que a nossa esfera terrestre \u00e9 muito triste sem amor! Que a vida n\u00e3o tem gra\u00e7a, se os seres humanos n\u00e3o se encontram para festejar o raiar de novo dia! Nem tudo que eu sonhar, ser\u00e1 como eu sonhei, por\u00e9m se eu n\u00e3o tentar alcan\u00e7ar as grandes coisas que preciso para dar sentido a minha vida, criar novas diretrizes para proporcionar f\u00f3rmulas dignas visando trazer uma estrada em que todos possam sentir a for\u00e7a e a verdadeira felicidade, jamais eu saberei sentir o gosto de viver, o gosto de lutar e alcan\u00e7ar o sabor da nova esperan\u00e7a!<\/p>\n<p>Quanta gente necessitada de compaix\u00e3o! E, se eu viver desejando essa eterna compreens\u00e3o, jamais aprenderei do amor esta li\u00e7\u00e3o, pois o amor \u00e9 bom demais, por\u00e9m, d\u00f3i muito!<\/p>\n<p>E assim compreendi, olhando para o Universo, que o mundo quase nunca tem perfei\u00e7\u00e3o, sem DEUS, e nenhum sistema traz a maravilhosa harmonia! O que se deve fazer \u00e9 entender que a vida \u00e9 uma simples quest\u00e3o da exist\u00eancia dos homens na terra, todavia, o amor \u00e9 uma infinita resposta que somente trar\u00e1 felicidade para todos! T\u00eam pessoas abandonadas em si pr\u00f3prias, por um pequeno deslize que surge diante de seus momentos de afirma\u00e7\u00f5es e que pretendiam alcan\u00e7ar uma vit\u00f3ria nas buscas de seus ideais!<\/p>\n<p><!--more--><\/p>\n<p>Afirmo, acredita amigo e perceba o que diz o mestre maior, Jesus Cristo, e teus grandes problemas pertencem a Ele! Nunca diga que tens uma grande dificuldade, diga apenas que tens um grande Deus!<\/p>\n<p>Como seria linda a vida das pessoas se fossem cheias de hist\u00f3rias de amor! \u00c0s vezes muitos t\u00eam coisas bonitas para dizer a quem gostaria que as ouvissem, mas, \u00e0s vezes a falta de entendimento nas palavras que falam, desaparecem e as express\u00f5es dos bons sentimentos que residem dentro de n\u00f3s n\u00e3o encontram formas. E o amor nasce do conhecimento m\u00fatuo e se fortalece na compreens\u00e3o das diferen\u00e7as!<\/p>\n<p>Dessa forma, \u00e9 sempre saud\u00e1vel esperar que uma estrada muito boa se abra \u00e0 nossa frente, esperando que surja um vento refresque \u00e0s nossas costas com serenidade, rejuvenescendo o nosso corpo. E o sol quente com brilho permane\u00e7a de forma suave em nossa face cheia de alegria e com muita esperan\u00e7a de paz!<\/p>\n<p>A chuva deve continuar caindo nos campos por onde passarmos, e ao certo nos dar\u00e1 o prazer de apreciar uma linda flor brotando numa terra f\u00e9rtil. E Deus, autor de todas essas maravilhas da natureza temos que pedir a Ele para guardar todos n\u00f3s na palma de suas m\u00e3os firmes e caridosas.<\/p>\n<p>E o \u201cTEMPO\u201d, ele n\u00e3o espera por ningu\u00e9m! Ontem \u00e9 um fato contando \u00e0 nossa hist\u00f3ria! Em seguida surge um amanh\u00e3 como num mist\u00e9rio que surge nos dias da vida!<\/p>\n<p>Tudo que nos cerca \u00e9 uma d\u00e1diva da natureza divina! Por isso, analisando essas tr\u00eas passagens da vida, o presente, \u00e9 preciso deve ser vivido intensamente. Tenho que ser a grande novidade e maravilha do mundo! Todos os encantos da vida t\u00eam a buscar da felicidade dentro de n\u00f3s mesmos! Agradar e respeitar as pessoas, viver a intensidade do milagre divino, transformando em filhos pr\u00f3digos da nossa pr\u00f3pria forma interior.<\/p>\n<p>Se dedicar e falar o idioma dos pobres e dos ricos, das criaturas de todas as cren\u00e7as, e deslumbrar-se ao surgimento da vit\u00f3ria, sem, contudo, esquecer o grande fasc\u00ednio de que a luta valeu a pena e foi alcan\u00e7ado o ideal.<\/p>\n<p>Nunca perder um seu ideal! Perder um ideal n\u00e3o \u00e9 nada f\u00e1cil por falta de coragem e for\u00e7as nas decis\u00f5es, e s\u00f3 temos um caminho a seguir, continuar humildemente valorizando a vida.<\/p>\n<p>Muitas vezes as pessoas se tornam crian\u00e7as que desabrocharam para viver entre os espinhos da sociedade. Observar que existem criaturas humanas, se trata com desprezos e que cruelmente se maltratam, por motivos f\u00fateis e at\u00e9 sem motivo algum. Quase sempre sem culpa de quem quer que sejam amigos, filhos e netos, noras e genros, m\u00e3es e pais, passam indiferentemente uns pelos outros, fingindo um desconhecimento radical e n\u00e3o os procuram para um di\u00e1logo leal, cordial e confortador. Est\u00e3o sempre prontas estas pessoas para a agress\u00e3o, a vingan\u00e7a, a c\u00f3lera, a inveja, o ego\u00edsmo, \u00e0s vezes encobertos por apar\u00eancias, desprezando as regras de cortesia, de aten\u00e7\u00e3o e de humaniza\u00e7\u00e3o social. Falta algo de que tanto observo sua divulga\u00e7\u00e3o pelo mundo. Falta \u00e0 compreens\u00e3o nos lares, falta o amor entre o homem e a natureza, falta \u00e0 amizade sincera e robusta, falta \u00e0 confian\u00e7a. Como seria diferente tudo se houvesse mais comunica\u00e7\u00e3o, mais di\u00e1logo, mais abertura em torno de determinados assuntos que fizessem bem a todos os seres carentes de perfei\u00e7\u00e3o! Deus prover\u00e1 o destino de todos, e, nesse intervalo vamos procurar fazer o bem sem olhar a quem.<\/p>\n<p>&#8212;<\/p>\n<p>Eduardo Afonso<\/p>\n<p>Ilh\u00e9us &#8211; Bahia<\/p>\n<p>(73) 8844 &#8211; 9147<\/p>\n","protected":false},"excerpt":{"rendered":"<p>Caminhando pela estrada a fora, observo in\u00fameros desencontros na vida. Lamentos de toda a sorte. Uns reclamam que n\u00e3o t\u00eam dinheiro para comprar um par de sapatos, outros com largos sorrisos, mesmo n\u00e3o tendo os p\u00e9s e as pernas, exclamam que s\u00e3o felizes! Vejo deficientes, cegos e aleijados trabalhando, e outros sem coragem para trabalhar, [&hellip;]<\/p>\n","protected":false},"author":2,"featured_media":0,"comment_status":"open","ping_status":"open","sticky":false,"template":"","format":"standard","meta":{"_links_to":"","_links_to_target":""},"categories":[10],"tags":[],"_links":{"self":[{"href":"https:\/\/www.r2cpress.com.br\/v1\/wp-json\/wp\/v2\/posts\/31460"}],"collection":[{"href":"https:\/\/www.r2cpress.com.br\/v1\/wp-json\/wp\/v2\/posts"}],"about":[{"href":"https:\/\/www.r2cpress.com.br\/v1\/wp-json\/wp\/v2\/types\/post"}],"author":[{"embeddable":true,"href":"https:\/\/www.r2cpress.com.br\/v1\/wp-json\/wp\/v2\/users\/2"}],"replies":[{"embeddable":true,"href":"https:\/\/www.r2cpress.com.br\/v1\/wp-json\/wp\/v2\/comments?post=31460"}],"version-history":[{"count":3,"href":"https:\/\/www.r2cpress.com.br\/v1\/wp-json\/wp\/v2\/posts\/31460\/revisions"}],"predecessor-version":[{"id":31463,"href":"https:\/\/www.r2cpress.com.br\/v1\/wp-json\/wp\/v2\/posts\/31460\/revisions\/31463"}],"wp:attachment":[{"href":"https:\/\/www.r2cpress.com.br\/v1\/wp-json\/wp\/v2\/media?parent=31460"}],"wp:term":[{"taxonomy":"category","embeddable":true,"href":"https:\/\/www.r2cpress.com.br\/v1\/wp-json\/wp\/v2\/categories?post=31460"},{"taxonomy":"post_tag","embeddable":true,"href":"https:\/\/www.r2cpress.com.br\/v1\/wp-json\/wp\/v2\/tags?post=31460"}],"curies":[{"name":"wp","href":"https:\/\/api.w.org\/{rel}","templated":true}]}}