{"id":31578,"date":"2011-12-23T12:09:22","date_gmt":"2011-12-23T14:09:22","guid":{"rendered":"http:\/\/www.r2cpress.com.br\/v1\/?p=31578"},"modified":"2011-12-23T12:09:22","modified_gmt":"2011-12-23T14:09:22","slug":"agradecimento-da-pastoral-carceraria","status":"publish","type":"post","link":"https:\/\/www.r2cpress.com.br\/v1\/2011\/12\/23\/agradecimento-da-pastoral-carceraria\/","title":{"rendered":"Agradecimento da Pastoral Carcer\u00e1ria"},"content":{"rendered":"<p>Ol\u00e1  <\/p>\n<p>Primeiramente, Muito Obrigado!<\/p>\n<p>Com a sua ajuda, o ano de 2011 foi de grandes realiza\u00e7\u00f5es:<\/p>\n<p>1 &#8211; Nossos mais de 6000 volunt\u00e1rios visitaram pris\u00f5es de todo o pa\u00eds;<\/p>\n<p>2 &#8211; Realizamos 7 cursos de Justi\u00e7a Restaurativa para agentes de pastoral, agentes penitenci\u00e1rios e presos nas v\u00e1rias regi\u00f5es do pa\u00eds;<\/p>\n<p>4 &#8211; Com outras entidades somamos para aprova\u00e7\u00e3o da Lei das Medidas Cautelares e da Lei da Remi\u00e7\u00e3o por Estudo;<\/p>\n<p>5 &#8211; Levamos o Brasil \u00e0 Comiss\u00e3o Interamericana de Direitos Humanos;<\/p>\n<p>6 &#8211; Denunciamos dezenas de casos de tortura em todo o pa\u00eds;<\/p>\n<p>7 &#8211; Promovemos cursos e palestras a policiais, ju\u00edzes, promotores, defensores e ativistas sobre a preven\u00e7\u00e3o \u00e0 tortura;<\/p>\n<p>8 &#8211; Entramos na campanha pela independ\u00eancia da Defensoria P\u00fablica;<\/p>\n<p>Esses s\u00e3o s\u00f3 alguns exemplos do que foi este \u00faltimo ano. Para 2012 continuaremos nos dedicando por uma democracia mais participativa e inclusiva. <\/p>\n<p>Esperamos contar com voc\u00ea. <\/p>\n<p>Esses s\u00e3o os votos da Pastoral Carcer\u00e1ria. Feliz Natal e Pr\u00f3spero Ano Novo.<\/p>\n<p>Voc\u00ea pode continuar colaborando, junte-se a n\u00f3s como volunt\u00e1rio ou fa\u00e7a uma Doa\u00e7\u00e3o.<\/p>\n<p>Desejo o melhor para voc\u00ea e sua fam\u00edlia,<\/p>\n<p>Padre Valdir Jo\u00e3o Silveira<br \/>\nPastoral Carceraria <\/p>\n","protected":false},"excerpt":{"rendered":"<p>Ol\u00e1 Primeiramente, Muito Obrigado! Com a sua ajuda, o ano de 2011 foi de grandes realiza\u00e7\u00f5es: 1 &#8211; Nossos mais de 6000 volunt\u00e1rios visitaram pris\u00f5es de todo o pa\u00eds; 2 &#8211; Realizamos 7 cursos de Justi\u00e7a Restaurativa para agentes de pastoral, agentes penitenci\u00e1rios e presos nas v\u00e1rias regi\u00f5es do pa\u00eds; 4 &#8211; Com outras entidades [&hellip;]<\/p>\n","protected":false},"author":2,"featured_media":0,"comment_status":"open","ping_status":"open","sticky":false,"template":"","format":"standard","meta":{"_links_to":"","_links_to_target":""},"categories":[17],"tags":[],"_links":{"self":[{"href":"https:\/\/www.r2cpress.com.br\/v1\/wp-json\/wp\/v2\/posts\/31578"}],"collection":[{"href":"https:\/\/www.r2cpress.com.br\/v1\/wp-json\/wp\/v2\/posts"}],"about":[{"href":"https:\/\/www.r2cpress.com.br\/v1\/wp-json\/wp\/v2\/types\/post"}],"author":[{"embeddable":true,"href":"https:\/\/www.r2cpress.com.br\/v1\/wp-json\/wp\/v2\/users\/2"}],"replies":[{"embeddable":true,"href":"https:\/\/www.r2cpress.com.br\/v1\/wp-json\/wp\/v2\/comments?post=31578"}],"version-history":[{"count":2,"href":"https:\/\/www.r2cpress.com.br\/v1\/wp-json\/wp\/v2\/posts\/31578\/revisions"}],"predecessor-version":[{"id":31580,"href":"https:\/\/www.r2cpress.com.br\/v1\/wp-json\/wp\/v2\/posts\/31578\/revisions\/31580"}],"wp:attachment":[{"href":"https:\/\/www.r2cpress.com.br\/v1\/wp-json\/wp\/v2\/media?parent=31578"}],"wp:term":[{"taxonomy":"category","embeddable":true,"href":"https:\/\/www.r2cpress.com.br\/v1\/wp-json\/wp\/v2\/categories?post=31578"},{"taxonomy":"post_tag","embeddable":true,"href":"https:\/\/www.r2cpress.com.br\/v1\/wp-json\/wp\/v2\/tags?post=31578"}],"curies":[{"name":"wp","href":"https:\/\/api.w.org\/{rel}","templated":true}]}}