{"id":31624,"date":"2011-12-23T19:09:35","date_gmt":"2011-12-23T21:09:35","guid":{"rendered":"http:\/\/www.r2cpress.com.br\/v1\/?p=31624"},"modified":"2011-12-23T19:09:35","modified_gmt":"2011-12-23T21:09:35","slug":"queremos-justica","status":"publish","type":"post","link":"https:\/\/www.r2cpress.com.br\/v1\/2011\/12\/23\/queremos-justica\/","title":{"rendered":"&#8220;QUEREMOS JUSTI\u00c7A!&#8221;"},"content":{"rendered":"<p><div id=\"attachment_31625\" style=\"width: 210px\" class=\"wp-caption aligncenter\"><a href=\"http:\/\/www.r2cpress.com.br\/v1\/wp-content\/uploads\/Elson_02.jpg\"><img aria-describedby=\"caption-attachment-31625\" loading=\"lazy\" src=\"http:\/\/www.r2cpress.com.br\/v1\/wp-content\/uploads\/Elson_02.jpg\" alt=\"\" title=\"Elson_02\" width=\"200\" height=\"267\" class=\"size-full wp-image-31625\" \/><\/a><p id=\"caption-attachment-31625\" class=\"wp-caption-text\">Elson Santana de Melo<\/p><\/div><br \/>\nFamiliares e amigos de Elson Santana de Melo, morto em acidente de tr\u00e2nsito no \u00faltimo dia 17, realizaram  nesta sexta-feira (23) passeata pelas principais ruas do centro de Ilh\u00e9us para pedir justi\u00e7a ao caso.<br \/>\nElson seguia para o munic\u00edpio de Una \u00e0 trabalho quando seu carro foi atingido por um outro ve\u00edculo, cujo condutor, de acordo com a fam\u00edlia da v\u00edtima, encontrava-se com vis\u00edveis sinais de embriaguez. Outras tr\u00eas pessoas ficaram feridas, de acordo com informa\u00e7\u00f5es da pol\u00edcia, mas n\u00e3o correm risco de morte. Elas estavam no outro carro envolvido no acidente. A fam\u00edlia da \u00fanica v\u00edtima fatal teme que o acidente fique impune.<br \/>\nElson era enfermeiro, tinha 32 anos e deixa um filho de 3 anos e esposa.<br \/>\n<center><iframe loading=\"lazy\" width=\"500\" height=\"315\" src=\"http:\/\/www.youtube.com\/embed\/976fzPNWzMU\" frameborder=\"0\" allowfullscreen><\/iframe><\/center><\/p>\n","protected":false},"excerpt":{"rendered":"<p>Familiares e amigos de Elson Santana de Melo, morto em acidente de tr\u00e2nsito no \u00faltimo dia 17, realizaram nesta sexta-feira (23) passeata pelas principais ruas do centro de Ilh\u00e9us para pedir justi\u00e7a ao caso. Elson seguia para o munic\u00edpio de Una \u00e0 trabalho quando seu carro foi atingido por um outro ve\u00edculo, cujo condutor, de [&hellip;]<\/p>\n","protected":false},"author":2,"featured_media":0,"comment_status":"open","ping_status":"open","sticky":false,"template":"","format":"standard","meta":{"_links_to":"","_links_to_target":""},"categories":[14],"tags":[],"_links":{"self":[{"href":"https:\/\/www.r2cpress.com.br\/v1\/wp-json\/wp\/v2\/posts\/31624"}],"collection":[{"href":"https:\/\/www.r2cpress.com.br\/v1\/wp-json\/wp\/v2\/posts"}],"about":[{"href":"https:\/\/www.r2cpress.com.br\/v1\/wp-json\/wp\/v2\/types\/post"}],"author":[{"embeddable":true,"href":"https:\/\/www.r2cpress.com.br\/v1\/wp-json\/wp\/v2\/users\/2"}],"replies":[{"embeddable":true,"href":"https:\/\/www.r2cpress.com.br\/v1\/wp-json\/wp\/v2\/comments?post=31624"}],"version-history":[{"count":3,"href":"https:\/\/www.r2cpress.com.br\/v1\/wp-json\/wp\/v2\/posts\/31624\/revisions"}],"predecessor-version":[{"id":31628,"href":"https:\/\/www.r2cpress.com.br\/v1\/wp-json\/wp\/v2\/posts\/31624\/revisions\/31628"}],"wp:attachment":[{"href":"https:\/\/www.r2cpress.com.br\/v1\/wp-json\/wp\/v2\/media?parent=31624"}],"wp:term":[{"taxonomy":"category","embeddable":true,"href":"https:\/\/www.r2cpress.com.br\/v1\/wp-json\/wp\/v2\/categories?post=31624"},{"taxonomy":"post_tag","embeddable":true,"href":"https:\/\/www.r2cpress.com.br\/v1\/wp-json\/wp\/v2\/tags?post=31624"}],"curies":[{"name":"wp","href":"https:\/\/api.w.org\/{rel}","templated":true}]}}