{"id":31681,"date":"2011-12-24T18:10:19","date_gmt":"2011-12-24T20:10:19","guid":{"rendered":"http:\/\/www.r2cpress.com.br\/v1\/?p=31681"},"modified":"2011-12-24T18:10:19","modified_gmt":"2011-12-24T20:10:19","slug":"som-alto-no-presidio-e-um-perigo","status":"publish","type":"post","link":"https:\/\/www.r2cpress.com.br\/v1\/2011\/12\/24\/som-alto-no-presidio-e-um-perigo\/","title":{"rendered":"Som alto no pres\u00eddio \u00e9 um perigo!"},"content":{"rendered":"<p>Meu caro amigo Rabat, meus cumprimentos por mais um ano de atividade politico social do seu Blog, ponto de refer\u00eancia para mim, quando quero informa\u00e7\u00f5es da cidade de Ilh\u00e9us.<br \/>\nRabat, eu trabalhei durante &#8230; hoje sou &#8230;<br \/>\nDurante esse tempo no Presidio Ariston Cardoso, no empenho de minhas fun\u00e7\u00f5es, tive alguns problemas com essa pessoa que diz pregar o evangelho no c\u00e1rcere. Certa vez eu pedi para ele diminuir o som, pelo motivo \u00f3bvio,pois, os detentos aproveitam o som alto para fazer o que querem.Por exemplo, serrar grade para fuga \u00e0 noite, cavar buraco na parede, espancamento e at\u00e9 matar. Os agentes est\u00e3o atentos a tudo isso, pois s\u00e3o eles que entram no meio de 350 presos para fechar e abrir as celas. Aconteceram naquele per\u00edodo algumas fugas, mas gra\u00e7as a Deus n\u00e3o estava trabalhando nestas ocasi\u00f5es,no entanto em outro momento, eles cerraram as grades e conseguiram fugir.Posteriormente, eles cavaram a paredes entre as celas e numa cela estrat\u00e9gica, cavaram um t\u00fanel que dava no muro externo, da\u00ed \u00e9 s\u00f3 um pulo para fora do Pres\u00eddio. Meu camarada, resolvi escrever isso, pois trata-se de seguran\u00e7a nossa, ningu\u00e9m quer esses elementos soltos pela cidade praticando todos os tipos de delitos. Eu desejo em tempo, para voc\u00ea a sua fam\u00edlia um Natal Feliz e um ano novo pr\u00f3spero, com sa\u00fade, paz e amor.<br \/>\nabra\u00e7os!<\/p>\n<p>&#8212;<br \/>\nEsta mensagem foi enviada atrav\u00e9s do formul\u00e1rio de contato do site R2CPRESS | A Letra Fria da Verdade http:\/\/www.r2cpress.com.br\/v1<\/p>\n","protected":false},"excerpt":{"rendered":"<p>Meu caro amigo Rabat, meus cumprimentos por mais um ano de atividade politico social do seu Blog, ponto de refer\u00eancia para mim, quando quero informa\u00e7\u00f5es da cidade de Ilh\u00e9us. Rabat, eu trabalhei durante &#8230; hoje sou &#8230; Durante esse tempo no Presidio Ariston Cardoso, no empenho de minhas fun\u00e7\u00f5es, tive alguns problemas com essa pessoa [&hellip;]<\/p>\n","protected":false},"author":2,"featured_media":0,"comment_status":"open","ping_status":"open","sticky":false,"template":"","format":"standard","meta":{"_links_to":"","_links_to_target":""},"categories":[10],"tags":[],"_links":{"self":[{"href":"https:\/\/www.r2cpress.com.br\/v1\/wp-json\/wp\/v2\/posts\/31681"}],"collection":[{"href":"https:\/\/www.r2cpress.com.br\/v1\/wp-json\/wp\/v2\/posts"}],"about":[{"href":"https:\/\/www.r2cpress.com.br\/v1\/wp-json\/wp\/v2\/types\/post"}],"author":[{"embeddable":true,"href":"https:\/\/www.r2cpress.com.br\/v1\/wp-json\/wp\/v2\/users\/2"}],"replies":[{"embeddable":true,"href":"https:\/\/www.r2cpress.com.br\/v1\/wp-json\/wp\/v2\/comments?post=31681"}],"version-history":[{"count":2,"href":"https:\/\/www.r2cpress.com.br\/v1\/wp-json\/wp\/v2\/posts\/31681\/revisions"}],"predecessor-version":[{"id":31683,"href":"https:\/\/www.r2cpress.com.br\/v1\/wp-json\/wp\/v2\/posts\/31681\/revisions\/31683"}],"wp:attachment":[{"href":"https:\/\/www.r2cpress.com.br\/v1\/wp-json\/wp\/v2\/media?parent=31681"}],"wp:term":[{"taxonomy":"category","embeddable":true,"href":"https:\/\/www.r2cpress.com.br\/v1\/wp-json\/wp\/v2\/categories?post=31681"},{"taxonomy":"post_tag","embeddable":true,"href":"https:\/\/www.r2cpress.com.br\/v1\/wp-json\/wp\/v2\/tags?post=31681"}],"curies":[{"name":"wp","href":"https:\/\/api.w.org\/{rel}","templated":true}]}}