{"id":31788,"date":"2011-12-26T11:14:25","date_gmt":"2011-12-26T13:14:25","guid":{"rendered":"http:\/\/www.r2cpress.com.br\/v1\/?p=31788"},"modified":"2011-12-26T11:14:25","modified_gmt":"2011-12-26T13:14:25","slug":"periodo-de-natal-tem-141-acidentes-e-12-mortes-nas-estradas-da-bahia","status":"publish","type":"post","link":"https:\/\/www.r2cpress.com.br\/v1\/2011\/12\/26\/periodo-de-natal-tem-141-acidentes-e-12-mortes-nas-estradas-da-bahia\/","title":{"rendered":"Per\u00edodo de Natal tem 141 acidentes e 12 mortes nas estradas da Bahia"},"content":{"rendered":"<h2>PRF contou 121 acidentes; registros da PRE chegaram a 20 ocorr\u00eancias.<br \/>\nNa capital, fim de semana terminou com 24 acidentes e 29 feridos.<\/h2>\n<p>A Pol\u00edcia Rodovi\u00e1ria Federal (PRF) registrou 121 acidentes, com 61 feridos e 11 mortes de sexta (23) a domingo (25), nas estradas da Bahia. J\u00e1 a Pol\u00edcia Rodovi\u00e1ria Estadual (PRE) fechou o balan\u00e7o do fim de semana com as ocorr\u00eancias registradas entre s\u00e1bado e domingo, excluindo a sexta-feira, o que resultou em 20 acidentes, com 12 feridos e uma morte &#8211; o motorista de 48 anos que conduzia um trator carga capotou na BA-419 (km-014), trecho de Mirangaba e morreu na hora.<\/p>\n<p><strong>Sul do estado<br \/>\n<\/strong><\/p>\n<p>Em Porto Seguro, <a href=\"http:\/\/g1.globo.com\/bahia\/noticia\/2011\/12\/dois-morrem-e-quatro-ficam-feridos-em-batida-de-carro-em-porto-seguro.html\">duas pessoas morreram<\/a> e quatro ficaram feridas ap\u00f3s dois carros baterem de frente na BR-367. O acidente ocorreu no s\u00e1bado (24) na altura de uma curva no km-046. Segundo a PRF, um carro do modelo Palio, conduzido por um jovem de 21 anos, entrou na curva com muita velocidade, quando invadiu o sentido contr\u00e1rio e bateu em um t\u00e1xi do modelo Fiesta. O \u00f3rg\u00e3o relata que o motorista do t\u00e1xi j\u00e1 tinha se dirigido para o acostamento ao perceber a aproxima\u00e7\u00e3o do Palio, mas foi fortemente atingido. Os carros ficaram completamente destru\u00eddos.<\/p>\n<p><strong>Capital<br \/>\n<\/strong><\/p>\n<p>O balan\u00e7o realizado Transalvador referente ao per\u00edodo do final de semana contabilizou 24 acidentes, com 29 feridos e duas mortes.<\/p>\n<p>Do <a href = \"http:\/\/g1.globo.com\/bahia\/noticia\/2011\/12\/periodo-de-natal-tem-141-acidentes-e-12-mortes-nas-estradas-da-bahia.html\" target = \"_news\"><b>G1 BA<\/b><\/a><\/p>\n","protected":false},"excerpt":{"rendered":"<p>PRF contou 121 acidentes; registros da PRE chegaram a 20 ocorr\u00eancias. Na capital, fim de semana terminou com 24 acidentes e 29 feridos. A Pol\u00edcia Rodovi\u00e1ria Federal (PRF) registrou 121 acidentes, com 61 feridos e 11 mortes de sexta (23) a domingo (25), nas estradas da Bahia. J\u00e1 a Pol\u00edcia Rodovi\u00e1ria Estadual (PRE) fechou o [&hellip;]<\/p>\n","protected":false},"author":2,"featured_media":0,"comment_status":"open","ping_status":"open","sticky":false,"template":"","format":"standard","meta":{"_links_to":"","_links_to_target":""},"categories":[25],"tags":[],"_links":{"self":[{"href":"https:\/\/www.r2cpress.com.br\/v1\/wp-json\/wp\/v2\/posts\/31788"}],"collection":[{"href":"https:\/\/www.r2cpress.com.br\/v1\/wp-json\/wp\/v2\/posts"}],"about":[{"href":"https:\/\/www.r2cpress.com.br\/v1\/wp-json\/wp\/v2\/types\/post"}],"author":[{"embeddable":true,"href":"https:\/\/www.r2cpress.com.br\/v1\/wp-json\/wp\/v2\/users\/2"}],"replies":[{"embeddable":true,"href":"https:\/\/www.r2cpress.com.br\/v1\/wp-json\/wp\/v2\/comments?post=31788"}],"version-history":[{"count":2,"href":"https:\/\/www.r2cpress.com.br\/v1\/wp-json\/wp\/v2\/posts\/31788\/revisions"}],"predecessor-version":[{"id":31790,"href":"https:\/\/www.r2cpress.com.br\/v1\/wp-json\/wp\/v2\/posts\/31788\/revisions\/31790"}],"wp:attachment":[{"href":"https:\/\/www.r2cpress.com.br\/v1\/wp-json\/wp\/v2\/media?parent=31788"}],"wp:term":[{"taxonomy":"category","embeddable":true,"href":"https:\/\/www.r2cpress.com.br\/v1\/wp-json\/wp\/v2\/categories?post=31788"},{"taxonomy":"post_tag","embeddable":true,"href":"https:\/\/www.r2cpress.com.br\/v1\/wp-json\/wp\/v2\/tags?post=31788"}],"curies":[{"name":"wp","href":"https:\/\/api.w.org\/{rel}","templated":true}]}}