{"id":31825,"date":"2011-12-26T13:41:31","date_gmt":"2011-12-26T15:41:31","guid":{"rendered":"http:\/\/www.r2cpress.com.br\/v1\/?p=31825"},"modified":"2011-12-26T13:41:31","modified_gmt":"2011-12-26T15:41:31","slug":"luiz-castro-em-decolores-46","status":"publish","type":"post","link":"https:\/\/www.r2cpress.com.br\/v1\/2011\/12\/26\/luiz-castro-em-decolores-46\/","title":{"rendered":"Luiz Castro em: DECOLORES"},"content":{"rendered":"<p><strong><img loading=\"lazy\" class=\"alignleft\" src=\"http:\/\/www.r2cpress.com.br\/v1\/wp-content\/uploads\/luiz-castro.jpg\" alt=\"\" width=\"300\" height=\"118\" \/>\u00a0\u00a0\u00a0\u00a0\u00a0\u00a0\u00a0\u00a0\u00a0 ANIVERS\u00c1RIO DE ZEQUITO<\/strong><\/p>\n<p>Exatamente no dia (1\u00ba) primeiro de janeiro estaremos comemorando os 80 (oitenta) anos do nosso querido e idolatrado Zequito\u2019s.<\/p>\n<p>Os preparativos est\u00e3o sendo organizados pelo amigo Ney do Iguape. Podemos adiantar que v\u00e1rias personagens do mundo pol\u00edtico e art\u00edstico estar\u00e3o presentes, onde na oportunidade\u00a0 ir\u00e3o\u00a0 abonar\u00a0 a ficha de filia\u00e7\u00e3o do Zequito no partido PQP, pois o mesmo pretende sair candidato a vereador representando o Iguape e adjac\u00eancias.<\/p>\n<p>\u00c0s 5:00h teremos alvorada com tiros de dinamite da antiga pedreira do Iguape. J\u00e1 \u00e0s 09:00 h haver\u00e1 uma cerim\u00f4nia religiosa presidida por Luiz Papa e concelebrada pelo \u201ccardeal\u201d Gild Messon. Ap\u00f3s a cerim\u00f4nia religiosa ser\u00e1 servido o \u201ccoffee break\u201d com grande variedades de sucos \u201cs\u00e1bia\u201d, \u00a0sabor jil\u00f3 e\u00a0 solda c\u00e1ustica com cimento.\u00a0\u00a0\u00a0 Em seguida, teremos uma palestra proferida por L\u00e1 Vai Bala com o tema \u201cAmigos para sempre&#8230;\u201d . Logo depois Z\u00e9 Leite far\u00e1 uma pequena coloca\u00e7\u00e3o sobre o nascimento, vida e morte do Padre Cicero.<\/p>\n<p>A Fanfarra do IME marcara presen\u00e7a com suas \u00a0balizas coordenadas por Calada!!!&#8230; As Lourenzetes estar\u00e3o presentes\u00a0 e \u00a0far\u00e3o um numero especial com o tema \u201cPapai est\u00e1 aqui\u201d.<\/p>\n<p>O T\u00e9cnico Agr\u00edcola Heckel Januario em nome da sua institui\u00e7\u00e3o plantara uma \u00e1rvore \u201ccomigo ningu\u00e9m pode\u201d,\u00a0 em homenagem ao aniversariante \u00a0que j\u00e1 teve uma propriedade agr\u00edcola e foi exterminada por\u00a0 Toinho Malvadeza.<\/p>\n<p><!--more--><\/p>\n<p>Na oportunidade, \u00a0teremos in\u00fameras manifesta\u00e7\u00f5es em prol do aniversariante\u00a0 a exemplo de Batista que doar\u00e1 suas camisas de linho para os pobres; Siri assinar\u00e1 a ordem de servi\u00e7o para constru\u00e7\u00e3o de um chafariz para os freq\u00fcentadores da ADEBI; Edinho doar\u00e1\u00a0 \u00a0uma \u00a0skay livre de pagamento; Dr. Bene far\u00e1 todos exames laboratoriais gr\u00e1tis por um ano; Z\u00e9 Leite ir\u00e1 ofertar um lindo rel\u00f3gio de parede com um pequeno defeito; Vanilton ofertar\u00e1 uma passagem a\u00e9rea para a Ilha do Jegue em Itabuna; Luiz dar\u00e1 carona em sua\u00a0 \u00a0bicicleta quando Zequito for\u00a0 fazer revis\u00e3o na SACRO; \u00a0Sr. Roque presentear\u00e1 um par de \u00a0sapatos com numera\u00e7\u00e3o menor ao \u00a0p\u00e9 do aniversariante; Luiz Diniz pedir\u00e1 em casamento Lagartixa; Pantera far\u00e1 juramento de conclus\u00e3o do curso de direito na Faculdade da Pedra de Ilh\u00e9us; \u00a0An\u00edzio\u00a0 n\u00e3o \u00a0cobrar\u00e1 a confec\u00e7\u00e3o do projeto da nova ponte; Walmir doara a cobra sucuri que fugiu da CEPLAC \u00a0para efeito de pesquisas no bar; O Chin\u00eas prometeu levar o Porto Sul para Itabuna em sinal de protesto aos ambientalistas; Renat\u00e3o deixara de fumar, \u00a0Lourencinho passara a investir na bolsa de valores,\u00a0 visando futuro casamento; Paulinho doara sua fazenda para os sem terras e Walter ir\u00e1 torcer pelo Vitoria para que\u00a0 n\u00e3o sai da segunda divis\u00e3o.<\/p>\n<p>No almo\u00e7o ser\u00e3o servidos v\u00e1rios pratos da culin\u00e1ria baiana, confeccionados por Borrachinha e sua tradicional moqueca de jaca; Luciano com seu caldinho de piranhas pescadas no Pantanal; Felipe e a fritada de grau\u00e7\u00e1; Navarro com o\u00a0 escaldado de baiacu ; Omar \u00a0e os peixes comprados (pescados) na col\u00f4nia Z-39; Carlos Kenga levar\u00e1\u00a0 ensopado de paca\u00a0 vinda de Brejolandia ; Minha Rosa \u00a0servir\u00e1 \u00a0cardeais fritos com arroz e 0800 levara \u00a0escaldado de calambau ofertados por \u00a0Doming\u00e3o do Mercado Municipal.\u00a0 \u00a0Por fim teremos uma festa magn\u00edfica em homenagem a esse grande amigo Zequito\u2019s, que o consideramos gente fina, educado, generoso, atencioso, prestativo, caridoso, principalmente quando o\u00a0 mesmo \u00a0\u00a0dispensa nossos d\u00e9bitos e nos acolhe quando passamos da hora de fechar o seu estabelecimento.<\/p>\n<p>Parab\u00e9ns Zequito\u2019s !!!!!!!!!!!!!!!!!!!!!!!!!!<\/p>\n<p>&#8212;<\/p>\n<p>Luiz Castro<\/p>\n<p>Freq\u00fcentador da Galera do Zequito\u2019s<\/p>\n","protected":false},"excerpt":{"rendered":"<p>\u00a0\u00a0\u00a0\u00a0\u00a0\u00a0\u00a0\u00a0\u00a0 ANIVERS\u00c1RIO DE ZEQUITO Exatamente no dia (1\u00ba) primeiro de janeiro estaremos comemorando os 80 (oitenta) anos do nosso querido e idolatrado Zequito\u2019s. Os preparativos est\u00e3o sendo organizados pelo amigo Ney do Iguape. Podemos adiantar que v\u00e1rias personagens do mundo pol\u00edtico e art\u00edstico estar\u00e3o presentes, onde na oportunidade\u00a0 ir\u00e3o\u00a0 abonar\u00a0 a ficha de filia\u00e7\u00e3o do [&hellip;]<\/p>\n","protected":false},"author":2,"featured_media":0,"comment_status":"open","ping_status":"open","sticky":false,"template":"","format":"standard","meta":{"_links_to":"","_links_to_target":""},"categories":[10],"tags":[],"_links":{"self":[{"href":"https:\/\/www.r2cpress.com.br\/v1\/wp-json\/wp\/v2\/posts\/31825"}],"collection":[{"href":"https:\/\/www.r2cpress.com.br\/v1\/wp-json\/wp\/v2\/posts"}],"about":[{"href":"https:\/\/www.r2cpress.com.br\/v1\/wp-json\/wp\/v2\/types\/post"}],"author":[{"embeddable":true,"href":"https:\/\/www.r2cpress.com.br\/v1\/wp-json\/wp\/v2\/users\/2"}],"replies":[{"embeddable":true,"href":"https:\/\/www.r2cpress.com.br\/v1\/wp-json\/wp\/v2\/comments?post=31825"}],"version-history":[{"count":3,"href":"https:\/\/www.r2cpress.com.br\/v1\/wp-json\/wp\/v2\/posts\/31825\/revisions"}],"predecessor-version":[{"id":31828,"href":"https:\/\/www.r2cpress.com.br\/v1\/wp-json\/wp\/v2\/posts\/31825\/revisions\/31828"}],"wp:attachment":[{"href":"https:\/\/www.r2cpress.com.br\/v1\/wp-json\/wp\/v2\/media?parent=31825"}],"wp:term":[{"taxonomy":"category","embeddable":true,"href":"https:\/\/www.r2cpress.com.br\/v1\/wp-json\/wp\/v2\/categories?post=31825"},{"taxonomy":"post_tag","embeddable":true,"href":"https:\/\/www.r2cpress.com.br\/v1\/wp-json\/wp\/v2\/tags?post=31825"}],"curies":[{"name":"wp","href":"https:\/\/api.w.org\/{rel}","templated":true}]}}