{"id":32129,"date":"2011-12-30T13:51:54","date_gmt":"2011-12-30T15:51:54","guid":{"rendered":"http:\/\/www.r2cpress.com.br\/v1\/?p=32129"},"modified":"2011-12-30T13:51:54","modified_gmt":"2011-12-30T15:51:54","slug":"operacao-centro-historico","status":"publish","type":"post","link":"https:\/\/www.r2cpress.com.br\/v1\/2011\/12\/30\/operacao-centro-historico\/","title":{"rendered":"OPERA\u00c7\u00c3O CENTRO HIST\u00d3RICO"},"content":{"rendered":"<p><a href=\"http:\/\/www.r2cpress.com.br\/v1\/wp-content\/uploads\/guarda-municipal-01-centro-hist\u00f3rico.jpg\"><img loading=\"lazy\" src=\"http:\/\/www.r2cpress.com.br\/v1\/wp-content\/uploads\/guarda-municipal-01-centro-hist\u00f3rico-300x225.jpg\" alt=\"\" title=\"guarda municipal 01 centro hist\u00f3rico\" width=\"300\" height=\"225\" class=\"alignleft size-medium wp-image-32130\" srcset=\"https:\/\/www.r2cpress.com.br\/v1\/wp-content\/uploads\/guarda-municipal-01-centro-hist\u00f3rico-300x225.jpg 300w, https:\/\/www.r2cpress.com.br\/v1\/wp-content\/uploads\/guarda-municipal-01-centro-hist\u00f3rico.jpg 680w\" sizes=\"(max-width: 300px) 100vw, 300px\" \/><\/a>A Guarda Civil Municipal de Ilh\u00e9us iniciou, no \u00faltimo dia 23 de dezembro, a \u201cOPERA\u00c7\u00c3O CENTRO HIST\u00d3RICO\u201d, que visa intensificar o patrulhamento das principais ruas no Centro da cidade nesta \u00e9poca do ano.<br \/>\nA OPERA\u00c7\u00c3O CENTRO HIST\u00d3RICO tem como foco principal o patrulhamento comunit\u00e1rio e preven\u00e7\u00e3o de il\u00edcitos com a finalidade de garantir a seguran\u00e7a em todo o Centro Comercial da cidade, pra\u00e7as e parques p\u00fablicos municipais. \u201cNosso objetivo \u00e9 proporcionar tranquilidade a popula\u00e7\u00e3o de Ilh\u00e9us e turistas que frequentar\u00e1 o com\u00e9rcio local para realizar suas compras natalinas. A extens\u00e3o dos hor\u00e1rios de atendimento ao consumidor permitir\u00e1 a popula\u00e7\u00e3o efetuar as compras no per\u00edodo noturno, ap\u00f3s o hor\u00e1rio de trabalho e isso gerar\u00e1 aglomera\u00e7\u00e3o nas ruas, necessitando de maior seguran\u00e7a\u201d, explica o Chefe da Divis\u00e3o de Planejamento Operacional, GCM Daniel Sena.<\/p>\n<p>Al\u00e9m do mais, \u201cmais que a prote\u00e7\u00e3o do patrim\u00f4nio p\u00fablico material e imaterial, a prote\u00e7\u00e3o do cidad\u00e3o e a responsabilidade social s\u00e3o alguns dos princ\u00edpios fundamentais de nossa institui\u00e7\u00e3o\u201d, completa. <\/p>\n<p><a href=\"http:\/\/www.r2cpress.com.br\/v1\/wp-content\/uploads\/guarda-municipal-02-centro-hist\u00f3rico.jpg\"><img loading=\"lazy\" src=\"http:\/\/www.r2cpress.com.br\/v1\/wp-content\/uploads\/guarda-municipal-02-centro-hist\u00f3rico-300x225.jpg\" alt=\"\" title=\"guarda municipal 02 centro hist\u00f3rico\" width=\"300\" height=\"225\" class=\"alignright size-medium wp-image-32133\" srcset=\"https:\/\/www.r2cpress.com.br\/v1\/wp-content\/uploads\/guarda-municipal-02-centro-hist\u00f3rico-300x225.jpg 300w, https:\/\/www.r2cpress.com.br\/v1\/wp-content\/uploads\/guarda-municipal-02-centro-hist\u00f3rico.jpg 680w\" sizes=\"(max-width: 300px) 100vw, 300px\" \/><\/a>As a\u00e7\u00f5es v\u00e3o estar concentradas em cinco pontos: Pra\u00e7a Castro Alves\/Catedral S\u00e3o Sebasti\u00e3o; Rua Ara\u00fajo Pinho; Bataclan\/SAC; Rua Jorge Amado e Pra\u00e7a Rui Barbosa\/Igreja S\u00e3o Jorge.<\/p>\n<p>\u201cEsta a\u00e7\u00e3o visa garantir seguran\u00e7a a todos os moradores e visitantes, sobretudo, neste momento no qual a cidade se prepara para as compras natalinas e de final de ano e h\u00e1 uma grande circula\u00e7\u00e3o de pessoas no com\u00e9rcio da cidade&#8221;, ressalta o Secret\u00e1rio de Seguran\u00e7a, Transporte e Tr\u00e2nsito, Marcelo Barreto.<\/p>\n<p><strong>Hor\u00e1rio especial de com\u00e9rcio <\/strong><\/p>\n<p>At\u00e9 o pr\u00f3ximo dia 31 de Dezembro (S\u00e1bado) a Guarda Municipal atuar\u00e1 das 10:00 \u00e0s 22:00 horas, dias em que o com\u00e9rcio funcionar\u00e1 em hor\u00e1rio especial de Ano Novo. <\/p>\n<p><strong>Efetivo <\/strong><\/p>\n<p>A Guarda Civil Municipal de Ilh\u00e9us atuar\u00e1 na Opera\u00e7\u00e3o Centro Hist\u00f3rico com um efetivo de 20 Guardas Municipais. As Patrulhas poder\u00e3o contar tonfas, algemas e tamb\u00e9m com os R\u00e1dios HT\u2019S para garantir a comunica\u00e7\u00e3o.<br \/>\nASCOM &#8211; Guarda Civil Municipal de Ilh\u00e9us <\/p>\n","protected":false},"excerpt":{"rendered":"<p>A Guarda Civil Municipal de Ilh\u00e9us iniciou, no \u00faltimo dia 23 de dezembro, a \u201cOPERA\u00c7\u00c3O CENTRO HIST\u00d3RICO\u201d, que visa intensificar o patrulhamento das principais ruas no Centro da cidade nesta \u00e9poca do ano. A OPERA\u00c7\u00c3O CENTRO HIST\u00d3RICO tem como foco principal o patrulhamento comunit\u00e1rio e preven\u00e7\u00e3o de il\u00edcitos com a finalidade de garantir a seguran\u00e7a [&hellip;]<\/p>\n","protected":false},"author":2,"featured_media":0,"comment_status":"open","ping_status":"open","sticky":false,"template":"","format":"standard","meta":{"_links_to":"","_links_to_target":""},"categories":[25],"tags":[],"_links":{"self":[{"href":"https:\/\/www.r2cpress.com.br\/v1\/wp-json\/wp\/v2\/posts\/32129"}],"collection":[{"href":"https:\/\/www.r2cpress.com.br\/v1\/wp-json\/wp\/v2\/posts"}],"about":[{"href":"https:\/\/www.r2cpress.com.br\/v1\/wp-json\/wp\/v2\/types\/post"}],"author":[{"embeddable":true,"href":"https:\/\/www.r2cpress.com.br\/v1\/wp-json\/wp\/v2\/users\/2"}],"replies":[{"embeddable":true,"href":"https:\/\/www.r2cpress.com.br\/v1\/wp-json\/wp\/v2\/comments?post=32129"}],"version-history":[{"count":4,"href":"https:\/\/www.r2cpress.com.br\/v1\/wp-json\/wp\/v2\/posts\/32129\/revisions"}],"predecessor-version":[{"id":32135,"href":"https:\/\/www.r2cpress.com.br\/v1\/wp-json\/wp\/v2\/posts\/32129\/revisions\/32135"}],"wp:attachment":[{"href":"https:\/\/www.r2cpress.com.br\/v1\/wp-json\/wp\/v2\/media?parent=32129"}],"wp:term":[{"taxonomy":"category","embeddable":true,"href":"https:\/\/www.r2cpress.com.br\/v1\/wp-json\/wp\/v2\/categories?post=32129"},{"taxonomy":"post_tag","embeddable":true,"href":"https:\/\/www.r2cpress.com.br\/v1\/wp-json\/wp\/v2\/tags?post=32129"}],"curies":[{"name":"wp","href":"https:\/\/api.w.org\/{rel}","templated":true}]}}