{"id":32136,"date":"2011-12-30T20:00:23","date_gmt":"2011-12-30T22:00:23","guid":{"rendered":"http:\/\/www.r2cpress.com.br\/v1\/?p=32136"},"modified":"2011-12-31T12:45:29","modified_gmt":"2011-12-31T14:45:29","slug":"do-fundo-do-bau-de-jose-leite-50","status":"publish","type":"post","link":"https:\/\/www.r2cpress.com.br\/v1\/2011\/12\/30\/do-fundo-do-bau-de-jose-leite-50\/","title":{"rendered":"DO FUNDO DO BA\u00da DE JOS\u00c9 LEITE"},"content":{"rendered":"<p><center><img SRC = \"http:\/\/www.r2cpress.com.br\/v1\/wp-content\/uploads\/tampa-do-ba%C3%BA-com-camisa.jpg\"\/><\/p>\n<p><strong>1)\tCONFRATERNIZA\u00c7\u00d5ES DE HOJE E DE ONTEM.<br \/>\n2)\tAS FOTOS DESTAQUES DA SEMANA.<\/strong><\/center><\/p>\n<p><!--more--><\/p>\n<p>***<\/p>\n<p><b><center>CONFRATERNIZA\u00c7\u00d5ES DE HOJE DE ONTEM<\/center><\/b><\/p>\n<p>Chega o final do ano e s\u00e3o muitas as festas de confraterniza\u00e7\u00e3o realizadas pelas Empresas, Clubes de Servi\u00e7os, Reparti\u00e7\u00f5es P\u00fablicas, Associa\u00e7\u00f5es e v\u00e1rios outros. A alegria contagiante reina entre os amigos nesses encontros. Veja nas fotos abaixo algumas festas de confraterniza\u00e7\u00e3o realizadas esse m\u00eas e em anos anteriores.<\/p>\n<p><b><center>FESTA DE CONFRATERNIZA\u00c7\u00c3O DO ROTARY CLUBE DE ILH\u00c9US REALIZADA NO DIA 15-12-2011 NO RESTAURANTE BATACLAN.<\/center><\/b><\/p>\n<div id=\"attachment_32137\" style=\"width: 310px\" class=\"wp-caption aligncenter\"><a href=\"http:\/\/www.r2cpress.com.br\/v1\/wp-content\/uploads\/174.jpg\"><img aria-describedby=\"caption-attachment-32137\" loading=\"lazy\" src=\"http:\/\/www.r2cpress.com.br\/v1\/wp-content\/uploads\/174-300x200.jpg\" alt=\"\" title=\"CARLOS ALBERTO, CLOVIS JUNIOR E RAIMUNDO AMARAL com familiares e amigos.\" width=\"300\" height=\"200\" class=\"size-medium wp-image-32137\" srcset=\"https:\/\/www.r2cpress.com.br\/v1\/wp-content\/uploads\/174-300x200.jpg 300w, https:\/\/www.r2cpress.com.br\/v1\/wp-content\/uploads\/174.jpg 893w\" sizes=\"(max-width: 300px) 100vw, 300px\" \/><\/a><p id=\"caption-attachment-32137\" class=\"wp-caption-text\">CARLOS ALBERTO, CLOVIS JUNIOR E RAIMUNDO AMARAL com familiares e amigos.<\/p><\/div>\n<div id=\"attachment_32138\" style=\"width: 310px\" class=\"wp-caption aligncenter\"><a href=\"http:\/\/www.r2cpress.com.br\/v1\/wp-content\/uploads\/241.jpg\"><img aria-describedby=\"caption-attachment-32138\" loading=\"lazy\" src=\"http:\/\/www.r2cpress.com.br\/v1\/wp-content\/uploads\/241-300x197.jpg\" alt=\"\" title=\"DR\u00aa. M\u00d4NICA MOURA COSTA (Vestido Florido) com suas lindas filhas e amigas.\" width=\"300\" height=\"197\" class=\"size-medium wp-image-32138\" srcset=\"https:\/\/www.r2cpress.com.br\/v1\/wp-content\/uploads\/241-300x197.jpg 300w, https:\/\/www.r2cpress.com.br\/v1\/wp-content\/uploads\/241.jpg 894w\" sizes=\"(max-width: 300px) 100vw, 300px\" \/><\/a><p id=\"caption-attachment-32138\" class=\"wp-caption-text\">DR\u00aa. M\u00d4NICA MOURA COSTA (Vestido Florido) com suas lindas filhas e amigas.<\/p><\/div>\n<div id=\"attachment_32139\" style=\"width: 310px\" class=\"wp-caption aligncenter\"><a href=\"http:\/\/www.r2cpress.com.br\/v1\/wp-content\/uploads\/343.jpg\"><img aria-describedby=\"caption-attachment-32139\" loading=\"lazy\" src=\"http:\/\/www.r2cpress.com.br\/v1\/wp-content\/uploads\/343-300x197.jpg\" alt=\"\" title=\"ERIVALDO BATISTA e EDUARDO BRITO com familiares e amigas.\" width=\"300\" height=\"197\" class=\"size-medium wp-image-32139\" srcset=\"https:\/\/www.r2cpress.com.br\/v1\/wp-content\/uploads\/343-300x197.jpg 300w, https:\/\/www.r2cpress.com.br\/v1\/wp-content\/uploads\/343.jpg 894w\" sizes=\"(max-width: 300px) 100vw, 300px\" \/><\/a><p id=\"caption-attachment-32139\" class=\"wp-caption-text\">ERIVALDO BATISTA e EDUARDO BRITO com familiares e amigas.<\/p><\/div>\n<div id=\"attachment_32140\" style=\"width: 310px\" class=\"wp-caption aligncenter\"><a href=\"http:\/\/www.r2cpress.com.br\/v1\/wp-content\/uploads\/441.jpg\"><img aria-describedby=\"caption-attachment-32140\" loading=\"lazy\" src=\"http:\/\/www.r2cpress.com.br\/v1\/wp-content\/uploads\/441-300x198.jpg\" alt=\"\" title=\"VICENZO, GENILDO, DR. JOS\u00c9 AUGUSTO, RILDO MOTA, PAULO GANEM e PAULO NAVARRO.\" width=\"300\" height=\"198\" class=\"size-medium wp-image-32140\" srcset=\"https:\/\/www.r2cpress.com.br\/v1\/wp-content\/uploads\/441-300x198.jpg 300w, https:\/\/www.r2cpress.com.br\/v1\/wp-content\/uploads\/441.jpg 889w\" sizes=\"(max-width: 300px) 100vw, 300px\" \/><\/a><p id=\"caption-attachment-32140\" class=\"wp-caption-text\">VICENZO, GENILDO, DR. JOS\u00c9 AUGUSTO, RILDO MOTA, PAULO GANEM e PAULO NAVARRO.<\/p><\/div>\n<div id=\"attachment_32141\" style=\"width: 310px\" class=\"wp-caption aligncenter\"><a href=\"http:\/\/www.r2cpress.com.br\/v1\/wp-content\/uploads\/541.jpg\"><img aria-describedby=\"caption-attachment-32141\" loading=\"lazy\" src=\"http:\/\/www.r2cpress.com.br\/v1\/wp-content\/uploads\/541-300x197.jpg\" alt=\"\" title=\"ZAIRA, EUS\u00cdNIO LAVIGNE, GRA\u00c7A, VICENZO, e o casal MARCOS FL\u00c1VIO e DR\u00aa. KARINE.\" width=\"300\" height=\"197\" class=\"size-medium wp-image-32141\" srcset=\"https:\/\/www.r2cpress.com.br\/v1\/wp-content\/uploads\/541-300x197.jpg 300w, https:\/\/www.r2cpress.com.br\/v1\/wp-content\/uploads\/541.jpg 893w\" sizes=\"(max-width: 300px) 100vw, 300px\" \/><\/a><p id=\"caption-attachment-32141\" class=\"wp-caption-text\">ZAIRA, EUS\u00cdNIO LAVIGNE, GRA\u00c7A, VICENZO, e o casal MARCOS FL\u00c1VIO e DR\u00aa. KARINE.<\/p><\/div>\n<div id=\"attachment_32142\" style=\"width: 310px\" class=\"wp-caption aligncenter\"><a href=\"http:\/\/www.r2cpress.com.br\/v1\/wp-content\/uploads\/641.jpg\"><img aria-describedby=\"caption-attachment-32142\" loading=\"lazy\" src=\"http:\/\/www.r2cpress.com.br\/v1\/wp-content\/uploads\/641-300x198.jpg\" alt=\"\" title=\"Confraterniza\u00e7\u00e3o dos membros da ASSOCIA\u00c7\u00c3O \u201cAS FERAS\u201d realizada no dia 17 de Dezembro de 2011 no S\u00cdTIO ALOHA.\" width=\"300\" height=\"198\" class=\"size-medium wp-image-32142\" srcset=\"https:\/\/www.r2cpress.com.br\/v1\/wp-content\/uploads\/641-300x198.jpg 300w, https:\/\/www.r2cpress.com.br\/v1\/wp-content\/uploads\/641.jpg 890w\" sizes=\"(max-width: 300px) 100vw, 300px\" \/><\/a><p id=\"caption-attachment-32142\" class=\"wp-caption-text\">Confraterniza\u00e7\u00e3o dos membros da ASSOCIA\u00c7\u00c3O \u201cAS FERAS\u201d realizada no dia 17 de Dezembro de 2011 no S\u00cdTIO ALOHA.<\/p><\/div>\n<div id=\"attachment_32143\" style=\"width: 310px\" class=\"wp-caption aligncenter\"><a href=\"http:\/\/www.r2cpress.com.br\/v1\/wp-content\/uploads\/741.jpg\"><img aria-describedby=\"caption-attachment-32143\" loading=\"lazy\" src=\"http:\/\/www.r2cpress.com.br\/v1\/wp-content\/uploads\/741-300x243.jpg\" alt=\"\" title=\"Confraterniza\u00e7\u00e3o Natalina do CDL DE ILH\u00c9US realizada no CLUBE SOCIAL DE ILH\u00c9US na d\u00e9cada de 1980. Na foto da esquerda para a direita: FRANCINO, JO\u00c3O BRITO, o saudoso Presidente MOIS\u00c9S BOHANA, JOS\u00c9 LEITE e mais tr\u00eas saudosos amigos que j\u00e1 se encontram no Reino de DEUS, GELSON BATISTA, TONI NETO e FERNANDO COSTA LINO.\" width=\"300\" height=\"243\" class=\"size-medium wp-image-32143\" srcset=\"https:\/\/www.r2cpress.com.br\/v1\/wp-content\/uploads\/741-300x243.jpg 300w, https:\/\/www.r2cpress.com.br\/v1\/wp-content\/uploads\/741-1024x831.jpg 1024w, https:\/\/www.r2cpress.com.br\/v1\/wp-content\/uploads\/741.jpg 1469w\" sizes=\"(max-width: 300px) 100vw, 300px\" \/><\/a><p id=\"caption-attachment-32143\" class=\"wp-caption-text\">Confraterniza\u00e7\u00e3o Natalina do CDL DE ILH\u00c9US realizada no CLUBE SOCIAL DE ILH\u00c9US na d\u00e9cada de 1980. Na foto da esquerda para a direita: FRANCINO, JO\u00c3O BRITO, o saudoso Presidente MOIS\u00c9S BOHANA, JOS\u00c9 LEITE e mais tr\u00eas saudosos amigos que j\u00e1 se encontram no Reino de DEUS, GELSON BATISTA, TONI NETO e FERNANDO COSTA LINO.<\/p><\/div>\n<div id=\"attachment_32144\" style=\"width: 310px\" class=\"wp-caption aligncenter\"><a href=\"http:\/\/www.r2cpress.com.br\/v1\/wp-content\/uploads\/840.jpg\"><img aria-describedby=\"caption-attachment-32144\" loading=\"lazy\" src=\"http:\/\/www.r2cpress.com.br\/v1\/wp-content\/uploads\/840-300x243.jpg\" alt=\"\" title=\"Confraterniza\u00e7\u00e3o na LOJA MA\u00c7\u00d4NICA VIGIL\u00c2NCIA E RESIST\u00caNCIA na d\u00e9cada de 1980. Na foto, o de barba \u00e9 o saudoso Vener\u00e1vel MOIS\u00c9S BOHANA, ao seu lado esquerdo o saudoso CLOVIS LINO  e do lado direito o CEL. JAMIL RODRIGUES e mais outros irm\u00e3os.\" width=\"300\" height=\"243\" class=\"size-medium wp-image-32144\" srcset=\"https:\/\/www.r2cpress.com.br\/v1\/wp-content\/uploads\/840-300x243.jpg 300w, https:\/\/www.r2cpress.com.br\/v1\/wp-content\/uploads\/840-1024x830.jpg 1024w, https:\/\/www.r2cpress.com.br\/v1\/wp-content\/uploads\/840.jpg 1462w\" sizes=\"(max-width: 300px) 100vw, 300px\" \/><\/a><p id=\"caption-attachment-32144\" class=\"wp-caption-text\">Confraterniza\u00e7\u00e3o na LOJA MA\u00c7\u00d4NICA VIGIL\u00c2NCIA E RESIST\u00caNCIA na d\u00e9cada de 1980. Na foto, o de barba \u00e9 o saudoso Vener\u00e1vel MOIS\u00c9S BOHANA, ao seu lado esquerdo o saudoso CLOVIS LINO  e do lado direito o CEL. JAMIL RODRIGUES e mais outros irm\u00e3os.<\/p><\/div>\n<p><b><center>AS FOTOS DESTAQUES DA SEMANA<\/center><\/b><\/p>\n<div id=\"attachment_32145\" style=\"width: 310px\" class=\"wp-caption aligncenter\"><a href=\"http:\/\/www.r2cpress.com.br\/v1\/wp-content\/uploads\/940.jpg\"><img aria-describedby=\"caption-attachment-32145\" loading=\"lazy\" src=\"http:\/\/www.r2cpress.com.br\/v1\/wp-content\/uploads\/940-300x205.jpg\" alt=\"\" title=\"O Tempo Passa e a Vida Continua, e l\u00e1 se v\u00e3o 41 Anos. Na foto acima, um dos primeiros CART\u00d5ES \u2013 FOLHINHA da JOALHERIA A P\u00c9ROLA pertencente a JOS\u00c9 LEITE DE SOUZA.\" width=\"300\" height=\"205\" class=\"size-medium wp-image-32145\" srcset=\"https:\/\/www.r2cpress.com.br\/v1\/wp-content\/uploads\/940-300x205.jpg 300w, https:\/\/www.r2cpress.com.br\/v1\/wp-content\/uploads\/940.jpg 884w\" sizes=\"(max-width: 300px) 100vw, 300px\" \/><\/a><p id=\"caption-attachment-32145\" class=\"wp-caption-text\">O Tempo Passa e a Vida Continua, e l\u00e1 se v\u00e3o 41 Anos. Na foto acima, um dos primeiros CART\u00d5ES \u2013 FOLHINHA da JOALHERIA A P\u00c9ROLA pertencente a JOS\u00c9 LEITE DE SOUZA.<\/p><\/div>\n<div id=\"attachment_32146\" style=\"width: 209px\" class=\"wp-caption aligncenter\"><a href=\"http:\/\/www.r2cpress.com.br\/v1\/wp-content\/uploads\/1043.jpg\"><img aria-describedby=\"caption-attachment-32146\" loading=\"lazy\" src=\"http:\/\/www.r2cpress.com.br\/v1\/wp-content\/uploads\/1043-199x300.jpg\" alt=\"\" title=\"Verso do CART\u00c3O \u2013 FOLHINHA com fotos da cidade de ILH\u00c9US.\" width=\"199\" height=\"300\" class=\"size-medium wp-image-32146\" srcset=\"https:\/\/www.r2cpress.com.br\/v1\/wp-content\/uploads\/1043-199x300.jpg 199w, https:\/\/www.r2cpress.com.br\/v1\/wp-content\/uploads\/1043.jpg 609w\" sizes=\"(max-width: 199px) 100vw, 199px\" \/><\/a><p id=\"caption-attachment-32146\" class=\"wp-caption-text\">Verso do CART\u00c3O \u2013 FOLHINHA com fotos da cidade de ILH\u00c9US.<\/p><\/div>\n<div id=\"attachment_32147\" style=\"width: 222px\" class=\"wp-caption aligncenter\"><a href=\"http:\/\/www.r2cpress.com.br\/v1\/wp-content\/uploads\/1145.jpg\"><img aria-describedby=\"caption-attachment-32147\" loading=\"lazy\" src=\"http:\/\/www.r2cpress.com.br\/v1\/wp-content\/uploads\/1145-212x300.jpg\" alt=\"\" title=\"No dia 1\u00ba de Janeiro de 1989 foi inaugurado o HOTEL CACAU D\u2019OURO, domingo agora (1-01-2012) completa 23 anos de inaugura\u00e7\u00e3o. Nesse mesmo dia tomava posse como Prefeito de ILH\u00c9US o saudoso amigo JO\u00c3O LIRIO que, acompanhado com outras autoridades, participou da primeira inaugura\u00e7\u00e3o como Prefeito. Na foto acima, entrada do HOTEL CACAU D\u2019OURO, aparecem: ADRIANA RIBEIRO, o ex. Prefeito de ILH\u00c9US JABES RIBEIRO, o saudoso amigo radialista EVALDO TABAJARA, DR. NIZAN LIMA e logo atr\u00e1s DR. IVAN GOMES.\" width=\"212\" height=\"300\" class=\"size-medium wp-image-32147\" srcset=\"https:\/\/www.r2cpress.com.br\/v1\/wp-content\/uploads\/1145-212x300.jpg 212w, https:\/\/www.r2cpress.com.br\/v1\/wp-content\/uploads\/1145-726x1024.jpg 726w, https:\/\/www.r2cpress.com.br\/v1\/wp-content\/uploads\/1145.jpg 741w\" sizes=\"(max-width: 212px) 100vw, 212px\" \/><\/a><p id=\"caption-attachment-32147\" class=\"wp-caption-text\">No dia 1\u00ba de Janeiro de 1989 foi inaugurado o HOTEL CACAU D\u2019OURO, domingo agora (1-01-2012) completa 23 anos de inaugura\u00e7\u00e3o. Nesse mesmo dia tomava posse como Prefeito de ILH\u00c9US o saudoso amigo JO\u00c3O LIRIO que, acompanhado com outras autoridades, participou da primeira inaugura\u00e7\u00e3o como Prefeito. Na foto acima, entrada do HOTEL CACAU D\u2019OURO, aparecem: ADRIANA RIBEIRO, o ex. Prefeito de ILH\u00c9US JABES RIBEIRO, o saudoso amigo radialista EVALDO TABAJARA, DR. NIZAN LIMA e logo atr\u00e1s DR. IVAN GOMES.<\/p><\/div>\n<p><b><center>GRANDE DIVULGADOR DE ILH\u00c9US<\/center><\/b><\/p>\n<div id=\"attachment_32148\" style=\"width: 310px\" class=\"wp-caption aligncenter\"><a href=\"http:\/\/www.r2cpress.com.br\/v1\/wp-content\/uploads\/1240.jpg\"><img aria-describedby=\"caption-attachment-32148\" loading=\"lazy\" src=\"http:\/\/www.r2cpress.com.br\/v1\/wp-content\/uploads\/1240-300x213.jpg\" alt=\"\" title=\"A foto mais recente do nosso amigo PIRILAMPO com sua roupa e seus dois CARROS ILUMINADOS na Pra\u00e7a Ruy Barbosa em ILH\u00c9US.\" width=\"300\" height=\"213\" class=\"size-medium wp-image-32148\" srcset=\"https:\/\/www.r2cpress.com.br\/v1\/wp-content\/uploads\/1240-300x213.jpg 300w, https:\/\/www.r2cpress.com.br\/v1\/wp-content\/uploads\/1240-1024x728.jpg 1024w, https:\/\/www.r2cpress.com.br\/v1\/wp-content\/uploads\/1240.jpg 1256w\" sizes=\"(max-width: 300px) 100vw, 300px\" \/><\/a><p id=\"caption-attachment-32148\" class=\"wp-caption-text\">A foto mais recente do nosso amigo PIRILAMPO com sua roupa e seus dois CARROS ILUMINADOS na Pra\u00e7a Ruy Barbosa em ILH\u00c9US.<\/p><\/div>\n<div id=\"attachment_32149\" style=\"width: 310px\" class=\"wp-caption aligncenter\"><a href=\"http:\/\/www.r2cpress.com.br\/v1\/wp-content\/uploads\/1334.jpg\"><img aria-describedby=\"caption-attachment-32149\" loading=\"lazy\" src=\"http:\/\/www.r2cpress.com.br\/v1\/wp-content\/uploads\/1334-300x198.jpg\" alt=\"\" title=\"Parab\u00e9ns para o amigo LUIZ CASTRO (camisa aberta) o aniversariante de anteontem (28-12-2011). A festa foi no tradicional BAR DO ZEQUITO, o que n\u00e3o faltou foi amigos, comida e bebida de gra\u00e7a.\" width=\"300\" height=\"198\" class=\"size-medium wp-image-32149\" srcset=\"https:\/\/www.r2cpress.com.br\/v1\/wp-content\/uploads\/1334-300x198.jpg 300w, https:\/\/www.r2cpress.com.br\/v1\/wp-content\/uploads\/1334.jpg 890w\" sizes=\"(max-width: 300px) 100vw, 300px\" \/><\/a><p id=\"caption-attachment-32149\" class=\"wp-caption-text\">Parab\u00e9ns para o amigo LUIZ CASTRO (camisa aberta) o aniversariante de anteontem (28-12-2011). A festa foi no tradicional BAR DO ZEQUITO, o que n\u00e3o faltou foi amigos, comida e bebida de gra\u00e7a.<\/p><\/div>\n<div id=\"attachment_32150\" style=\"width: 310px\" class=\"wp-caption aligncenter\"><a href=\"http:\/\/www.r2cpress.com.br\/v1\/wp-content\/uploads\/1427.jpg\"><img aria-describedby=\"caption-attachment-32150\" loading=\"lazy\" src=\"http:\/\/www.r2cpress.com.br\/v1\/wp-content\/uploads\/1427-300x234.jpg\" alt=\"\" title=\"\u00c9 com muita tristeza que anunciamos a morte da MACACA \u201cCHITA\u201d (que na verdade era macho) companheira de TARZAN. \u201cCHITA\u201d faleceu esta semana com 80 anos na FLORIDA (ESTADOS UNIDOS). Na foto: \u201cCHITA\u201d, BOY, TARZAN (JOHNNY WEISSMULLER) e JANE. (Foto: d\u00e9cada de 1940)\" width=\"300\" height=\"234\" class=\"size-medium wp-image-32150\" srcset=\"https:\/\/www.r2cpress.com.br\/v1\/wp-content\/uploads\/1427-300x234.jpg 300w, https:\/\/www.r2cpress.com.br\/v1\/wp-content\/uploads\/1427-1024x799.jpg 1024w, https:\/\/www.r2cpress.com.br\/v1\/wp-content\/uploads\/1427.jpg 1406w\" sizes=\"(max-width: 300px) 100vw, 300px\" \/><\/a><p id=\"caption-attachment-32150\" class=\"wp-caption-text\">\u00c9 com muita tristeza que anunciamos a morte da MACACA \u201cCHITA\u201d (que na verdade era macho) companheira de TARZAN. \u201cCHITA\u201d faleceu esta semana com 80 anos na FLORIDA (ESTADOS UNIDOS). Na foto: \u201cCHITA\u201d, BOY, TARZAN (JOHNNY WEISSMULLER) e JANE. (Foto: d\u00e9cada de 1940)<\/p><\/div>\n<div id=\"attachment_32151\" style=\"width: 251px\" class=\"wp-caption aligncenter\"><a href=\"http:\/\/www.r2cpress.com.br\/v1\/wp-content\/uploads\/1517.jpg\"><img aria-describedby=\"caption-attachment-32151\" loading=\"lazy\" src=\"http:\/\/www.r2cpress.com.br\/v1\/wp-content\/uploads\/1517-241x300.jpg\" alt=\"\" title=\"Por mais de 70 anos \u201cCHITA\u201d fez a alegria de MILH\u00d5ES de crian\u00e7as e adultos do BRASIL e do MUNDO com suas macaquices nos filmes de TARZAN. Na foto: CHITA e TARZAN interpretado pelo saudoso artista LEX BARKER. (Foto d\u00e9cada de 1950).\" width=\"241\" height=\"300\" class=\"size-medium wp-image-32151\" srcset=\"https:\/\/www.r2cpress.com.br\/v1\/wp-content\/uploads\/1517-241x300.jpg 241w, https:\/\/www.r2cpress.com.br\/v1\/wp-content\/uploads\/1517-824x1024.jpg 824w, https:\/\/www.r2cpress.com.br\/v1\/wp-content\/uploads\/1517.jpg 1189w\" sizes=\"(max-width: 241px) 100vw, 241px\" \/><\/a><p id=\"caption-attachment-32151\" class=\"wp-caption-text\">Por mais de 70 anos \u201cCHITA\u201d fez a alegria de MILH\u00d5ES de crian\u00e7as e adultos do BRASIL e do MUNDO com suas macaquices nos filmes de TARZAN. Na foto: CHITA e TARZAN interpretado pelo saudoso artista LEX BARKER. (Foto d\u00e9cada de 1950).<\/p><\/div>\n<p><center>E NO MAIS&#8230;<\/center><\/p>\n<p>Diante deste visual da CHAPADA DA SERRA DO ARARIPE na Regi\u00e3o do CARIRI, desejo a todos&#8230;<\/p>\n<p><center><a href=\"http:\/\/www.r2cpress.com.br\/v1\/wp-content\/uploads\/1612.jpg\"><img loading=\"lazy\" src=\"http:\/\/www.r2cpress.com.br\/v1\/wp-content\/uploads\/1612-300x256.jpg\" alt=\"\" title=\"16\" width=\"300\" height=\"256\" class=\"aligncenter size-medium wp-image-32152\" srcset=\"https:\/\/www.r2cpress.com.br\/v1\/wp-content\/uploads\/1612-300x256.jpg 300w, https:\/\/www.r2cpress.com.br\/v1\/wp-content\/uploads\/1612-1024x875.jpg 1024w, https:\/\/www.r2cpress.com.br\/v1\/wp-content\/uploads\/1612.jpg 1492w\" sizes=\"(max-width: 300px) 100vw, 300px\" \/><\/a><\/center><\/p>\n<p>&#8212;<br \/>\nTexto e fotos: Jos\u00e9 Leite de Souza<br \/>\njleitesouza@hotmail.com<\/p>\n","protected":false},"excerpt":{"rendered":"<p>1) CONFRATERNIZA\u00c7\u00d5ES DE HOJE E DE ONTEM. 2) AS FOTOS DESTAQUES DA SEMANA.<\/p>\n","protected":false},"author":2,"featured_media":0,"comment_status":"open","ping_status":"open","sticky":false,"template":"","format":"standard","meta":{"_links_to":"","_links_to_target":""},"categories":[10],"tags":[],"_links":{"self":[{"href":"https:\/\/www.r2cpress.com.br\/v1\/wp-json\/wp\/v2\/posts\/32136"}],"collection":[{"href":"https:\/\/www.r2cpress.com.br\/v1\/wp-json\/wp\/v2\/posts"}],"about":[{"href":"https:\/\/www.r2cpress.com.br\/v1\/wp-json\/wp\/v2\/types\/post"}],"author":[{"embeddable":true,"href":"https:\/\/www.r2cpress.com.br\/v1\/wp-json\/wp\/v2\/users\/2"}],"replies":[{"embeddable":true,"href":"https:\/\/www.r2cpress.com.br\/v1\/wp-json\/wp\/v2\/comments?post=32136"}],"version-history":[{"count":7,"href":"https:\/\/www.r2cpress.com.br\/v1\/wp-json\/wp\/v2\/posts\/32136\/revisions"}],"predecessor-version":[{"id":32233,"href":"https:\/\/www.r2cpress.com.br\/v1\/wp-json\/wp\/v2\/posts\/32136\/revisions\/32233"}],"wp:attachment":[{"href":"https:\/\/www.r2cpress.com.br\/v1\/wp-json\/wp\/v2\/media?parent=32136"}],"wp:term":[{"taxonomy":"category","embeddable":true,"href":"https:\/\/www.r2cpress.com.br\/v1\/wp-json\/wp\/v2\/categories?post=32136"},{"taxonomy":"post_tag","embeddable":true,"href":"https:\/\/www.r2cpress.com.br\/v1\/wp-json\/wp\/v2\/tags?post=32136"}],"curies":[{"name":"wp","href":"https:\/\/api.w.org\/{rel}","templated":true}]}}