{"id":32203,"date":"2011-12-30T20:23:53","date_gmt":"2011-12-30T22:23:53","guid":{"rendered":"http:\/\/www.r2cpress.com.br\/v1\/?p=32203"},"modified":"2011-12-30T20:23:53","modified_gmt":"2011-12-30T22:23:53","slug":"governo-futebol","status":"publish","type":"post","link":"https:\/\/www.r2cpress.com.br\/v1\/2011\/12\/30\/governo-futebol\/","title":{"rendered":"GOVERNO FUTEBOL"},"content":{"rendered":"<p>O militante socialista e sindicalista Wagner Bastos definie o governo municipal fazendo analogia ao futebol na Bahia &#8220;Em Ilh\u00e9us quem n\u00e3o \u00e9 Bahia \u00e9 Barrad\u00e3o. Tem secret\u00e1rio de primeira e segunda divis\u00e3o&#8221;.<br \/>\nVeja:<br \/>\n<center><iframe loading=\"lazy\" width=\"420\" height=\"315\" src=\"http:\/\/www.youtube.com\/embed\/1Mz9a4eC0AU\" frameborder=\"0\" allowfullscreen><\/iframe><\/center><\/p>\n<p>&#8212;<br \/>\nAnne Pacheco.<\/p>\n","protected":false},"excerpt":{"rendered":"<p>O militante socialista e sindicalista Wagner Bastos definie o governo municipal fazendo analogia ao futebol na Bahia &#8220;Em Ilh\u00e9us quem n\u00e3o \u00e9 Bahia \u00e9 Barrad\u00e3o. Tem secret\u00e1rio de primeira e segunda divis\u00e3o&#8221;. Veja: &#8212; Anne Pacheco.<\/p>\n","protected":false},"author":2,"featured_media":0,"comment_status":"open","ping_status":"open","sticky":false,"template":"","format":"standard","meta":{"_links_to":"","_links_to_target":""},"categories":[10],"tags":[],"_links":{"self":[{"href":"https:\/\/www.r2cpress.com.br\/v1\/wp-json\/wp\/v2\/posts\/32203"}],"collection":[{"href":"https:\/\/www.r2cpress.com.br\/v1\/wp-json\/wp\/v2\/posts"}],"about":[{"href":"https:\/\/www.r2cpress.com.br\/v1\/wp-json\/wp\/v2\/types\/post"}],"author":[{"embeddable":true,"href":"https:\/\/www.r2cpress.com.br\/v1\/wp-json\/wp\/v2\/users\/2"}],"replies":[{"embeddable":true,"href":"https:\/\/www.r2cpress.com.br\/v1\/wp-json\/wp\/v2\/comments?post=32203"}],"version-history":[{"count":2,"href":"https:\/\/www.r2cpress.com.br\/v1\/wp-json\/wp\/v2\/posts\/32203\/revisions"}],"predecessor-version":[{"id":32205,"href":"https:\/\/www.r2cpress.com.br\/v1\/wp-json\/wp\/v2\/posts\/32203\/revisions\/32205"}],"wp:attachment":[{"href":"https:\/\/www.r2cpress.com.br\/v1\/wp-json\/wp\/v2\/media?parent=32203"}],"wp:term":[{"taxonomy":"category","embeddable":true,"href":"https:\/\/www.r2cpress.com.br\/v1\/wp-json\/wp\/v2\/categories?post=32203"},{"taxonomy":"post_tag","embeddable":true,"href":"https:\/\/www.r2cpress.com.br\/v1\/wp-json\/wp\/v2\/tags?post=32203"}],"curies":[{"name":"wp","href":"https:\/\/api.w.org\/{rel}","templated":true}]}}