{"id":32302,"date":"2011-12-31T21:11:46","date_gmt":"2011-12-31T23:11:46","guid":{"rendered":"http:\/\/www.r2cpress.com.br\/v1\/?p=32302"},"modified":"2011-12-31T21:11:46","modified_gmt":"2011-12-31T23:11:46","slug":"queridos-amigos-e-amigas","status":"publish","type":"post","link":"https:\/\/www.r2cpress.com.br\/v1\/2011\/12\/31\/queridos-amigos-e-amigas\/","title":{"rendered":"Queridos amigos e amigas,"},"content":{"rendered":"<p>Mais um ano arrumando as malas para partir e a esperan\u00e7a de coisas novas prontinha para anunciar sua chegada. \u00c9 &#8230; a roda completou seu giro e n\u00f3s temos que agradecer: pela vida que subsistiu, pelo que pudemos aprender, pelo que conseguimos executar e pelos sonhos que ainda persistem. Ah! os sonhos! Esses n\u00e3o podem faltar nunca! S\u00e3o eles que colorem os nossos dias e mesmo aqueles que julgamos dif\u00edceis&#8230;quase imposs\u00edveis&#8230;essses tamb\u00e9m fazem parte do nosso ide\u00e1rio e nos impulsionam para um novo momento, mais um desafio.<\/p>\n<p>E \u00e9 com esse esp\u00edrito que quero agradecer a cada um de voc\u00eas que fizeram parte da minha vida este ano, tanto no real como no virtual, porque, com certeza, meus dias foram muito mais ricos e gratificantes com seu carinho, suas mensagens edificantes e sua presen\u00e7a simp\u00e1tica e acolhedora.<\/p>\n<p>Pe\u00e7o desculpas e compreens\u00e3o de voc\u00eas, se n\u00e3o fui t\u00e3o presente como nos anos anteriores porque a vida da gente passa por fases e a minha n\u00e3o \u00e9 diferente. Mas estejam certos da minha amizade sincera, do meu afeto e da minha alegria em poder contar com voc\u00eas neste novo ano que se inicia e nos seguintes tamb\u00e9m, espero eu.<\/p>\n<p>FELIZ ANO NOVO<\/p>\n<p>Suzana Patury<\/p>\n","protected":false},"excerpt":{"rendered":"<p>Mais um ano arrumando as malas para partir e a esperan\u00e7a de coisas novas prontinha para anunciar sua chegada. \u00c9 &#8230; a roda completou seu giro e n\u00f3s temos que agradecer: pela vida que subsistiu, pelo que pudemos aprender, pelo que conseguimos executar e pelos sonhos que ainda persistem. Ah! os sonhos! Esses n\u00e3o podem [&hellip;]<\/p>\n","protected":false},"author":2,"featured_media":0,"comment_status":"open","ping_status":"open","sticky":false,"template":"","format":"standard","meta":{"_links_to":"","_links_to_target":""},"categories":[10],"tags":[],"_links":{"self":[{"href":"https:\/\/www.r2cpress.com.br\/v1\/wp-json\/wp\/v2\/posts\/32302"}],"collection":[{"href":"https:\/\/www.r2cpress.com.br\/v1\/wp-json\/wp\/v2\/posts"}],"about":[{"href":"https:\/\/www.r2cpress.com.br\/v1\/wp-json\/wp\/v2\/types\/post"}],"author":[{"embeddable":true,"href":"https:\/\/www.r2cpress.com.br\/v1\/wp-json\/wp\/v2\/users\/2"}],"replies":[{"embeddable":true,"href":"https:\/\/www.r2cpress.com.br\/v1\/wp-json\/wp\/v2\/comments?post=32302"}],"version-history":[{"count":2,"href":"https:\/\/www.r2cpress.com.br\/v1\/wp-json\/wp\/v2\/posts\/32302\/revisions"}],"predecessor-version":[{"id":32304,"href":"https:\/\/www.r2cpress.com.br\/v1\/wp-json\/wp\/v2\/posts\/32302\/revisions\/32304"}],"wp:attachment":[{"href":"https:\/\/www.r2cpress.com.br\/v1\/wp-json\/wp\/v2\/media?parent=32302"}],"wp:term":[{"taxonomy":"category","embeddable":true,"href":"https:\/\/www.r2cpress.com.br\/v1\/wp-json\/wp\/v2\/categories?post=32302"},{"taxonomy":"post_tag","embeddable":true,"href":"https:\/\/www.r2cpress.com.br\/v1\/wp-json\/wp\/v2\/tags?post=32302"}],"curies":[{"name":"wp","href":"https:\/\/api.w.org\/{rel}","templated":true}]}}