{"id":32352,"date":"2012-01-01T14:21:02","date_gmt":"2012-01-01T16:21:02","guid":{"rendered":"http:\/\/www.r2cpress.com.br\/v1\/?p=32352"},"modified":"2012-01-01T14:21:02","modified_gmt":"2012-01-01T16:21:02","slug":"coracao-volta-a-bater-sozinho-depois-de-2-meses-preso-a-aparelho-artificial","status":"publish","type":"post","link":"https:\/\/www.r2cpress.com.br\/v1\/2012\/01\/01\/coracao-volta-a-bater-sozinho-depois-de-2-meses-preso-a-aparelho-artificial\/","title":{"rendered":"Cora\u00e7\u00e3o volta a bater sozinho depois de 2 meses preso a aparelho artificial"},"content":{"rendered":"<div>\n<h3><strong>M\u00e9dicos do Instituto Nacional de Cardiologia afirmam que evento ocorre em apenas 1% dos casos<\/strong><\/h3>\n<\/div>\n<div><\/div>\n<div>Era a tarde do dia 12 de agosto quando o cora\u00e7\u00e3o do comerciante S\u00e9rgio Alexandre Genaro, de 48 anos, voltou a bater sozinho depois de passar por quatro cirurgias e ficar dois meses completamente parado, funcionando gra\u00e7as a um cora\u00e7\u00e3o artificial, que pesava 600 gramas e estava preso pelo lado de fora do corpo.<\/div>\n<p>O desfecho inesperado fez Genaro ser o primeiro paciente do Brasil com indica\u00e7\u00e3o para transplante card\u00edaco cujo \u00f3rg\u00e3o voltou a bater espontaneamente.<\/p>\n<p>&#8220;N\u00e3o h\u00e1 outros casos como esse registrados no Brasil. A literatura internacional aponta que isso ocorre em cerca de 1% dos casos&#8221;, afirmou o cirurgi\u00e3o card\u00edaco Alexandre Siciliano, do Instituto Nacional de Cardiologia (INC), respons\u00e1vel pelo implante do cora\u00e7\u00e3o artificial.<\/p>\n<p>Genaro entrou na mesa de cirurgia no dia 2 de junho para operar o cora\u00e7\u00e3o &#8211; que estava com quatro art\u00e9rias completamente entupidas. Apesar de sentir cansa\u00e7o e falta de ar, o comerciante nunca havia suspeitado que poderia haver algo errado com o seu cora\u00e7\u00e3o.<\/p>\n<p>O problema s\u00f3 foi descoberto quando ele fazia os exames pr\u00e9-operat\u00f3rios para uma cirurgia de pedra nos rins: os resultados demonstraram que Genaro j\u00e1 havia sofrido microinfartos silenciosos e o seu cora\u00e7\u00e3o poderia entrar em colapso a qualquer momento, caso n\u00e3o fosse operado.<\/p>\n<p>&#8220;Fui encaminhado direto para o INC. L\u00e1 soube que meu cora\u00e7\u00e3o funcionava com apenas 30% da capacidade e disseram que minha cirurgia teria de ser feita com urg\u00eancia&#8221;, diz.<\/p>\n<p><!--more--><\/p>\n<p>A parada. Por causa da gravidade do problema no cora\u00e7\u00e3o, o comerciante precisou receber quatro pontes (duas safenas e duas mam\u00e1rias) para ajudar o fluxo sangu\u00edneo. O cora\u00e7\u00e3o, entretanto, n\u00e3o suportou a circula\u00e7\u00e3o extracorp\u00f3rea e parou de bater.<\/p>\n<p>&#8220;O risco de o cora\u00e7\u00e3o n\u00e3o voltar depois da cirurgia \u00e9 pequeno, mas existe. Colocamos um dispositivo para manter a oxigena\u00e7\u00e3o e dar assist\u00eancia para o cora\u00e7\u00e3o e o pulm\u00e3o. Era a \u00fanica alternativa para pensarmos nos pr\u00f3ximos passos&#8221;, explica Siciliano.<\/p>\n<p>Surpreendendo os m\u00e9dicos a cada minuto nessa fase cr\u00edtica, Genaro manteve todas as fun\u00e7\u00f5es preservadas, at\u00e9 mesmo as neurol\u00f3gicas. O comerciante entrou para a lista de transplante e, para suportar a espera, a equipe decidiu implantar o cora\u00e7\u00e3o artificial &#8211; que ficou conectado ao \u00f3rg\u00e3o natural de Genaro.<\/p>\n<p>O cora\u00e7\u00e3o artificial \u00e9 um equipamento descart\u00e1vel usado em pouqu\u00edssimos casos para dar uma assist\u00eancia ao paciente. \u00c9 ele que faz o servi\u00e7o de bombear o sangue do cora\u00e7\u00e3o para o corpo, substituindo as fun\u00e7\u00f5es do \u00f3rg\u00e3o debilitado.<\/p>\n<p>Parte dele \u00e9 conectada ao ventr\u00edculo esquerdo do paciente e parte fica presa para fora do corpo (mais informa\u00e7\u00f5es nesta p\u00e1gina). O aparelho funciona ligado \u00e0 energia el\u00e9trica, mas tamb\u00e9m possui uma carga de bateria que pode mant\u00ea-lo funcionando por algumas horas. Tamb\u00e9m \u00e9 poss\u00edvel fazer bombeamento manual.<\/p>\n<p>Ao acordar e saber que estava com um cora\u00e7\u00e3o artificial para fora do corpo, Genaro se assustou. &#8220;Pedi para ningu\u00e9m encostar porque era aquilo que estava me mantendo vivo. Foi horr\u00edvel ver aquela borracha saindo do meu corpo e o sangue circulando. Achei que aquilo n\u00e3o ia suportar esperar o transplante.&#8221;<\/p>\n<p>E n\u00e3o foi f\u00e1cil. O comerciante permaneceu internado e, aos poucos, seus \u00f3rg\u00e3os come\u00e7aram a ficar comprometidos. Ele chegou a precisar de respira\u00e7\u00e3o mec\u00e2nica e a fazer hemodi\u00e1lise. &#8220;O aparelho faz um barulho horr\u00edvel, \u00e9 ruim para dormir. E eu tinha de ficar isolado por causa do risco de infec\u00e7\u00e3o&#8221;, diz.<\/p>\n<p>Aos poucos, os m\u00e9dicos perceberam que o cora\u00e7\u00e3o natural de Genaro estava recuperando as fun\u00e7\u00f5es. Entusiasmados, come\u00e7aram a diminuir a capacidade de suporte do aparelho, at\u00e9 que o \u00f3rg\u00e3o natural voltou a bombear sangue sozinho. &#8220;Chorei muito quando soube, foi um presente de Deus. Eu nasci de novo.&#8221;<\/p>\n<p>Raro. Segundo o cirurgi\u00e3o Siciliano, apenas dez pacientes usaram o aparelho em seis anos &#8211; tr\u00eas foram para o transplante, seis morreram enquanto esperavam a cirurgia e apenas Genaro conseguiu se livrar do equipamento espontaneamente.<\/p>\n<p>&#8220;Hoje ele est\u00e1 livre do aparelho, da insufici\u00eancia card\u00edaca e da necessidade de transplante. \u00c9 rar\u00edssimo. A literatura aponta que apenas em 1% dos casos o cora\u00e7\u00e3o volta a bater. E \u00e9 muito menos comum em pessoas que haviam tido um infarto, j\u00e1 que, neste caso, as c\u00e9lulas morrem&#8221;, diz Siciliano.<\/p>\n<p>Genaro recebeu alta no dia 10 de outubro e se recupera na casa da irm\u00e3. Faz acompanhamento mensal das fun\u00e7\u00f5es card\u00edacas e teve de se adaptar a uma rotina com rem\u00e9dios, dieta e exerc\u00edcios f\u00edsicos. Seus dedos dos p\u00e9s e das m\u00e3os, que ficaram necrosados por falta de circula\u00e7\u00e3o e quase tiveram de ser amputados, est\u00e3o voltando ao normal aos poucos.<\/p>\n<p>O comerciante est\u00e1 afastado do trabalho e ainda depende de per\u00edcia do INSS para saber se poder\u00e1 retomar as atividades. &#8220;Eu quero e consigo voltar a trabalhar&#8221;, finaliza.<\/p>\n<p>&#8212;<br \/>\nFERNANDA BASSETTE &#8211; O Estado de S.Paulo<br \/>\nNo <a href = \"http:\/\/www.estadao.com.br\/noticias\/impresso,coracao-volta-a-bater-sozinho-depois-de-2-meses-preso-a-aparelho-artificial-,817224,0.htm\" target = \"_news\"><b>www.estadao.com.br<\/b><\/a><\/p>\n","protected":false},"excerpt":{"rendered":"<p>M\u00e9dicos do Instituto Nacional de Cardiologia afirmam que evento ocorre em apenas 1% dos casos Era a tarde do dia 12 de agosto quando o cora\u00e7\u00e3o do comerciante S\u00e9rgio Alexandre Genaro, de 48 anos, voltou a bater sozinho depois de passar por quatro cirurgias e ficar dois meses completamente parado, funcionando gra\u00e7as a um cora\u00e7\u00e3o [&hellip;]<\/p>\n","protected":false},"author":2,"featured_media":0,"comment_status":"open","ping_status":"open","sticky":false,"template":"","format":"standard","meta":{"_links_to":"","_links_to_target":""},"categories":[13],"tags":[],"_links":{"self":[{"href":"https:\/\/www.r2cpress.com.br\/v1\/wp-json\/wp\/v2\/posts\/32352"}],"collection":[{"href":"https:\/\/www.r2cpress.com.br\/v1\/wp-json\/wp\/v2\/posts"}],"about":[{"href":"https:\/\/www.r2cpress.com.br\/v1\/wp-json\/wp\/v2\/types\/post"}],"author":[{"embeddable":true,"href":"https:\/\/www.r2cpress.com.br\/v1\/wp-json\/wp\/v2\/users\/2"}],"replies":[{"embeddable":true,"href":"https:\/\/www.r2cpress.com.br\/v1\/wp-json\/wp\/v2\/comments?post=32352"}],"version-history":[{"count":2,"href":"https:\/\/www.r2cpress.com.br\/v1\/wp-json\/wp\/v2\/posts\/32352\/revisions"}],"predecessor-version":[{"id":32354,"href":"https:\/\/www.r2cpress.com.br\/v1\/wp-json\/wp\/v2\/posts\/32352\/revisions\/32354"}],"wp:attachment":[{"href":"https:\/\/www.r2cpress.com.br\/v1\/wp-json\/wp\/v2\/media?parent=32352"}],"wp:term":[{"taxonomy":"category","embeddable":true,"href":"https:\/\/www.r2cpress.com.br\/v1\/wp-json\/wp\/v2\/categories?post=32352"},{"taxonomy":"post_tag","embeddable":true,"href":"https:\/\/www.r2cpress.com.br\/v1\/wp-json\/wp\/v2\/tags?post=32352"}],"curies":[{"name":"wp","href":"https:\/\/api.w.org\/{rel}","templated":true}]}}