{"id":33467,"date":"2012-01-15T22:12:04","date_gmt":"2012-01-16T00:12:04","guid":{"rendered":"http:\/\/www.r2cpress.com.br\/v1\/?p=33467"},"modified":"2012-01-15T22:12:04","modified_gmt":"2012-01-16T00:12:04","slug":"o-bailao-do-ruivao-abalou-bangu-em-ilheus","status":"publish","type":"post","link":"https:\/\/www.r2cpress.com.br\/v1\/2012\/01\/15\/o-bailao-do-ruivao-abalou-bangu-em-ilheus\/","title":{"rendered":"O Bail\u00e3o do Ruiv\u00e3o abalou bangu em Ilh\u00e9us"},"content":{"rendered":"<p><em>Nando Reis e os Infernais fizeram a alegria do p\u00fablico neste final de semana no Boca Du Mar, em Ilh\u00e9us<\/em><\/p>\n<p style=\"text-align: center;\"><em><strong>Por Anna Karenina<\/strong><\/em><\/p>\n<p>&nbsp;<\/p>\n<div id=\"attachment_33468\" style=\"width: 310px\" class=\"wp-caption alignleft\"><a href=\"http:\/\/www.r2cpress.com.br\/v1\/wp-content\/uploads\/nando-reis.jpg\"><img aria-describedby=\"caption-attachment-33468\" loading=\"lazy\" class=\"size-medium wp-image-33468\" title=\"nando reis\" src=\"http:\/\/www.r2cpress.com.br\/v1\/wp-content\/uploads\/nando-reis-300x225.jpg\" alt=\"\" width=\"300\" height=\"225\" srcset=\"https:\/\/www.r2cpress.com.br\/v1\/wp-content\/uploads\/nando-reis-300x225.jpg 300w, https:\/\/www.r2cpress.com.br\/v1\/wp-content\/uploads\/nando-reis.jpg 680w\" sizes=\"(max-width: 300px) 100vw, 300px\" \/><\/a><p id=\"caption-attachment-33468\" class=\"wp-caption-text\">Clique para AMPLIAR.<\/p><\/div>\n<p>En\u00e9rgico e intenso, Nando Reis abriu o show com toda performance e irrever\u00eancia que o artista tem direito, ao lado da Banda os Infernais. Estreou com o sucesso \u201cSou Dela\u201d e emocionou a plat\u00e9ia com muitos dos seus cl\u00e1ssicos. A festa se iniciou com o baiano Peu Delrey e em seguida o Bal\u00e3o do Ruiv\u00e3o entrou no sal\u00e3o para animar o baile, que se encerrou com o reggae da banda Mascavo. Esta \u00e9 uma iniciativa da MV1 Eventos, vinculada \u00e0 M21 Publicidade e Propaganda, h\u00e1 mais de dezoito anos promovendo e valorizando a cultura.<br \/>\nCada vez mais a cena cultural da regi\u00e3o tem se intensificado com a realiza\u00e7\u00e3o de eventos como esse, que prima pela qualidade da produ\u00e7\u00e3o, do conte\u00fado art\u00edstico e que tem destinado espa\u00e7o para artistas da nossa regi\u00e3o. \u201cO Bal\u00e3o do Ruiv\u00e3o \u00e9 um show que muitas pessoas queriam assistir. Ver o trabalho de toda uma equipe tornando isso realidade \u00e9 uma grande alegria, fico muito feliz e agrade\u00e7o ao p\u00fablico por prestigiar esse acontecimento, assim como tamb\u00e9m aos patrocinadores\u201d, comemora o executivo da MV1, Marcos Lessa.<br \/>\n<strong>O acrobata fren\u00e9tico energiza o p\u00fablico<\/strong><\/p>\n<p><!--more--><br \/>\nTomado de surpresa com a corda de seu viol\u00e3o que pocou, o Ruiv\u00e3o n\u00e3o economizou em sua performance art\u00edstica, explodindo extasiado de calor, freneticidade e irrever\u00eancia. Um verdadeiro rapaz com diagn\u00f3stico de hiperatividade acentuada. Era vis\u00edvel o quanto Nando Reis necessitava do seu viol\u00e3o em seus dedos famintos para expandir toda sua energia na m\u00fasica. Perder por alguns instantes aquele que \u00e9 praticamente a extens\u00e3o do seu bra\u00e7o, foi o mesmo que ver um homem sem um peda\u00e7o do seu pr\u00f3prio corpo, alucinado, buscando desesperadamente interagir com qualquer coisa sol\u00edcita a ele: o circulador de ar. Sim, encenou quase que um encontro amoroso com o ventilador do palco, enquanto cantava cheio de emo\u00e7\u00e3o e car\u00eancia. O assistente tocou o viol\u00e3o e por isso o arranjo da m\u00fasica n\u00e3o ficou desfalcado com a falta ac\u00fastica do instrumento, mas pudemos presenciar a oportunidade \u00fanica de assistir um m\u00fasico em pleno ato art\u00edstico e inusitado, sem os seus acordes em m\u00e3os, quase desesperador. Isso n\u00e3o comprometeu nem um pouco o espet\u00e1culo, ao contr\u00e1rio, suas estripulias acrob\u00e1ticas incendiaram a paisagem de seu som. Ele pulou, dan\u00e7ou e at\u00e9 deitou no piso do palco e ali permaneceu por alguns segundos enquanto Os Infernais seguiam com o som. De fato, atuou com total desprendimento e desapego. Um ser livre, t\u00e3o livre que depois de tocar seus cl\u00e1ssicos como \u201cRelic\u00e1rio\u201d, \u201cPor onde andei\u201d, \u201cN\u00e3o vou me adaptar\u201d, \u201cO Segundo Sol\u201d, e outros, trouxe os covers de m\u00fasicas \u2018bregas\u2019 do Bail\u00e3o, como \u201cVoc\u00ea n\u00e3o vale nada\u201d, \u201cChorando se foi\u201d, \u201cWhisky a Go-Go\u201d, entre outras, animando e imprimindo ritmos diversos na dan\u00e7a da plat\u00e9ia.<\/p>\n<p>De f\u00e9rias e residente em Vit\u00f3ria da Conquista, a jornalista Carolina Coelho n\u00e3o resistiu aos encantos do litoral ilheense, onde j\u00e1 viveu parte de sua inf\u00e2ncia, e aproveitou para curtir esse show ao lado de amigos. \u201cA produ\u00e7\u00e3o da MV1 surpreendeu nossa expectativa, a festa est\u00e1 bacana, muita gente bonita, som de primeira qualidade, seguran\u00e7a&#8230; Encontrei com meus amigos, estou matando a saudade e vou voltar pra casa feliz da vida!\u201d, afirmou a jornalista e tamb\u00e9m assessora de comunica\u00e7\u00e3o.<\/p>\n<p><strong>A produ\u00e7\u00e3o<\/strong><br \/>\nA M21 \u00e9 uma empresa atuante h\u00e1 mais de 18 anos, especializada em publicidade e propaganda e se inseriu em Ilh\u00e9us e Itabuna com a produ\u00e7\u00e3o de eventos. Hoje com 14 profissionais, entre jornalistas, publicit\u00e1rios, administradores e produtores culturais, a M21 originou a MV1 eventos, em que a \u00e1rea de atua\u00e7\u00e3o de cada empresa no grupo est\u00e1 mais definida. Segundo o diretor executivo, Marcos Lessa, \u201cprimamos pela ousadia, essa \u00e9 a nossa t\u00f4nica, queremos proporcionar um diferencial de mercado no interior. Tamb\u00e9m atendemos em Salvador, entre outros lugares, onde estamos expandindo nossas atividades. Temos uma equipe jovem, antenada e sempre em busca da inova\u00e7\u00e3o, de fazer coisas diferenciadas. Para mim \u00e9 uma alegria muito grande liderar esse grupo e ver nosso trabalho dando certo\u201d.<br \/>\nNeste ano o p\u00fablico pode esperar por muitas novidades. Projetos como a Bela e a Fera, um Festival de Cinema no meado do ano em homenagem \u00e0 Jorge Amado e um Festival internacional de reggae em Itacar\u00e9 s\u00e3o id\u00e9ias que est\u00e3o sendo pensadas, al\u00e9m da continuidade do Festival do Chocolate, Som Sabores,\u00a0 e shows que certamente v\u00e3o fazer de 2012 um ano de muitas atra\u00e7\u00f5es e sucesso. Para Lessa, \u00e9 com um produto de qualidade de produ\u00e7\u00e3o, de conte\u00fado e art\u00edstico que a MV1 se preocupa em trabalhar. \u201c\u00c9 nessa base que temos desenvolvidos os nossos projetos, trazendo grandes nomes da MPB, do rock, do pop, do reggae, mas tamb\u00e9m valorizando as ra\u00edzes, a cultura local, pra gastronomia, para a m\u00fasica e para a arte. A perspectiva \u00e9 fazer muito mais por essa cidade, sabemos do potencial e do valor que essa regi\u00e3o tem, da import\u00e2ncia cultural e dessa tend\u00eancia natural que ela tem de ser diferenciada\u201d, argumentou o publicit\u00e1rio.<br \/>\nEm 2011, a MV1 trouxe artistas como Seu Jorge, Maria Gad\u00fa, Nana Caymmi, Zizi Possi, Zeca Baleiro e Gal Costa. No Som Sabores, do mesmo ano, a empresa participou da produ\u00e7\u00e3o do sal\u00e3o Chocolate Paris, que foi um tremendo sucesso, com a montagem dos stands do Brasil em Paris, Fran\u00e7a. A empresa foi pioneira na realiza\u00e7\u00e3o de festivais na Costa do Cacau, a exemplo do Coca Cola Ax\u00e9 Festival,\u00a0 primeiro evento do porte na cidade, assim como o Ilh\u00e9us Summer Festival que trouxe grandes nomes internacionais, como Maxi Priest e Big Montain, al\u00e9m de sucessos nacionais como O Rappa e Tit\u00e3s, entre outros.<\/p>\n","protected":false},"excerpt":{"rendered":"<p>Nando Reis e os Infernais fizeram a alegria do p\u00fablico neste final de semana no Boca Du Mar, em Ilh\u00e9us Por Anna Karenina &nbsp; En\u00e9rgico e intenso, Nando Reis abriu o show com toda performance e irrever\u00eancia que o artista tem direito, ao lado da Banda os Infernais. Estreou com o sucesso \u201cSou Dela\u201d e [&hellip;]<\/p>\n","protected":false},"author":2,"featured_media":0,"comment_status":"open","ping_status":"open","sticky":false,"template":"","format":"standard","meta":{"_links_to":"","_links_to_target":""},"categories":[5],"tags":[],"_links":{"self":[{"href":"https:\/\/www.r2cpress.com.br\/v1\/wp-json\/wp\/v2\/posts\/33467"}],"collection":[{"href":"https:\/\/www.r2cpress.com.br\/v1\/wp-json\/wp\/v2\/posts"}],"about":[{"href":"https:\/\/www.r2cpress.com.br\/v1\/wp-json\/wp\/v2\/types\/post"}],"author":[{"embeddable":true,"href":"https:\/\/www.r2cpress.com.br\/v1\/wp-json\/wp\/v2\/users\/2"}],"replies":[{"embeddable":true,"href":"https:\/\/www.r2cpress.com.br\/v1\/wp-json\/wp\/v2\/comments?post=33467"}],"version-history":[{"count":5,"href":"https:\/\/www.r2cpress.com.br\/v1\/wp-json\/wp\/v2\/posts\/33467\/revisions"}],"predecessor-version":[{"id":33473,"href":"https:\/\/www.r2cpress.com.br\/v1\/wp-json\/wp\/v2\/posts\/33467\/revisions\/33473"}],"wp:attachment":[{"href":"https:\/\/www.r2cpress.com.br\/v1\/wp-json\/wp\/v2\/media?parent=33467"}],"wp:term":[{"taxonomy":"category","embeddable":true,"href":"https:\/\/www.r2cpress.com.br\/v1\/wp-json\/wp\/v2\/categories?post=33467"},{"taxonomy":"post_tag","embeddable":true,"href":"https:\/\/www.r2cpress.com.br\/v1\/wp-json\/wp\/v2\/tags?post=33467"}],"curies":[{"name":"wp","href":"https:\/\/api.w.org\/{rel}","templated":true}]}}