{"id":33843,"date":"2012-01-18T18:58:58","date_gmt":"2012-01-18T20:58:58","guid":{"rendered":"http:\/\/www.r2cpress.com.br\/v1\/?p=33843"},"modified":"2012-01-23T09:40:07","modified_gmt":"2012-01-23T11:40:07","slug":"geracao-revista-da-bahia","status":"publish","type":"post","link":"https:\/\/www.r2cpress.com.br\/v1\/2012\/01\/18\/geracao-revista-da-bahia\/","title":{"rendered":"Gera\u00e7\u00e3o Revista da Bahia"},"content":{"rendered":"<p><a href=\"http:\/\/www.r2cpress.com.br\/v1\/wp-content\/uploads\/CYRO-DE-MATTOS_ARTIGO.jpg\"><img loading=\"lazy\" class=\"alignleft size-full wp-image-33844\" title=\"CYRO DE MATTOS_ARTIGO\" src=\"http:\/\/www.r2cpress.com.br\/v1\/wp-content\/uploads\/CYRO-DE-MATTOS_ARTIGO.jpg\" alt=\"\" width=\"200\" height=\"269\" \/><\/a>Com a dispers\u00e3o da talentosa gera\u00e7\u00e3o de Glauber Rocha, em 1964, outras gera\u00e7\u00f5es iriam despontar nos meios culturais da Bahia.\u00a0 A chamada Gera\u00e7\u00e3o Revista da Bahia acontece nessa \u00e9poca. Seus jovens integrantes j\u00e1 demonstravam ser possuidores de certo instrumental cr\u00edtico para a discuss\u00e3o dos temas liter\u00e1rios. Outro grupo que despontava naqueles idos era o de poetas liderados por Antonio Brasileiro e Ruy Espinheira Filho, que iria gravitar em torno das\u00a0 Edi\u00e7\u00f5es Cordel e revista Serial. Esses dois\u00a0 jovens poetas baianos n\u00e3o demorariam para entrar no circuito nacional com seus livros e conquistas de pr\u00eamios liter\u00e1rios importantes.<br \/>\n&nbsp;<\/p>\n<p>Este articulista fez parte da Gera\u00e7\u00e3o Revista da Bahia, ao lado de Alberto Silva, Marcos Santarrita, Adelmo Oliveira, Oleone Coelho Fontes, Fernando Batinga, Ildasio Tavares,\u00a0 Ricardo Cruz, Fernando Kraychete\u00a0 e o desenhista Nacif Ganem. Todos n\u00f3s liderados pelo cr\u00edtico e poeta Carlos Falck, o guru espiritual\u00a0 do grupo.\u00a0 \u00c9ramos jovens intelectuais\u00a0 pretendendo deixar nossa\u00a0 impress\u00e3o digital\u00a0 nas letras baianas\u00a0 da \u00e9poca. E alguns, como Ildasio Tavares e Marcos Santarrita, de fato elaboraram\u00a0 anos depois uma obra significativa\u00a0 no corpo das letras brasileiras.<\/p>\n<p>&nbsp;<br \/>\nGera\u00e7\u00e3o Revista da Bahia. Levava esse nome porque o corpo redacional da\u00a0 Revista da Bahia, \u00f3rg\u00e3o cultural da Imprensa Oficial, dirigida pelo escritor e professor Germano Machado, era formado pelos jornalistas Alberto Silva e Marcos Santarrita. A revista recebia em suas p\u00e1ginas colabora\u00e7\u00f5es desses nov\u00edssimos\u00a0 intelectuais, que tinham nos ombros o peso de susbstituir a fulgurante gera\u00e7\u00e3o de Glauber Rocha,\u00a0 que\u00a0 havia sido dispersa pelo regime\u00a0 militar de 64.\u00a0 Era tarefa dif\u00edc\u00edlima a de\u00a0 uma nova gera\u00e7\u00e3o substituir com o mesmo brilho intelectual aquela outra liderada pelo criador do cinema novo, que deixou pontos elevados na progress\u00e3o da vida cultural da velha capital.<\/p>\n<p>&nbsp;<\/p>\n<p><!--more--><br \/>\nO elenco de jovens intelectuais que formava a\u00a0 Gera\u00e7\u00e3o Revista da Bahia, acima indicado,\u00a0 pode ser ampliado com os nomes de Lu\u00eds Carbogini Quaglia, louvado contista do mar, Maria da Concei\u00e7\u00e3o Paranhos, poeta e ensa\u00edsta, Fernando Ramos e Guido Guerra, promissores romancistas,\u00a0 Jos\u00e9 de Oliveira Falc\u00f3n, o poeta de Canudos,\u00a0\u00a0 o cineasta Orlando Sena e\u00a0 outros.<\/p>\n<p>&nbsp;<br \/>\nNa vis\u00e3o do ensa\u00edsta Cid Seixas, o mais importante lan\u00e7amento de poesia na Bahia, no per\u00edodo compreendido entre 1964 e 1974, aconteceu com o livro\u00a0 ABC-reobtido, de Maria da Concei\u00e7\u00e3o Paranhos. O discurso da jovem poetisa, com bases em pesquisa e\u00a0 atualiza\u00e7\u00e3o est\u00e9tica,\u00a0 rejeitava os limites de certa ret\u00f3rica ornamental. Outro jovem intelectual baiano que desponta nas letras daquele per\u00edodo \u00e9 Guido Guerra. Escritor de forma\u00e7\u00e3o jornal\u00edstica, ele trazia\u00a0 para a sua prosa de fic\u00e7\u00e3o os atritos e rupturas do homem cotidiano. E assim come\u00e7ava a dar\u00a0 andamento a uma\u00a0 obra liter\u00e1ria marcada\u00a0 pelo texto r\u00e1pido e conciso, capaz de deflagrar\u00a0 o exato momento\u00a0 em que o universo dos personagens desenvolve-se como o centro\u00a0 de um sistema nervoso,\u00a0 que lateja emo\u00e7\u00f5es no engajamento sensitivo do autor e o mundo.<br \/>\n&nbsp;<\/p>\n<p>A gera\u00e7\u00e3o Revista da Bahia enfraqueceu com a ida de Alberto Silva, moderno cr\u00edtico de cinema\u00a0 e jornalista de um texto primoroso, para o Rio de Janeiro, em 1967, e logo a seguir a de Marcos Santarrita. Junta-se a isso o falecimento de Carlos Falk. Permaneceram\u00a0 em Salvador aquelas outras jovens vozes\u00a0 vocacionadas\u00a0 para fazer da vida um consistente projeto liter\u00e1rio.<br \/>\n&nbsp;<\/p>\n<p>&nbsp;<\/p>\n<p>Os sobreviventes da Gera\u00e7\u00e3o Revista da Bahia, dispersos,\u00a0 sem contar com a for\u00e7a aglutinadora de Carlos Falck,\u00a0 presen\u00e7as do Alberto Silva,\u00a0 Marcos Santarrita e este articulista,\u00a0 j\u00e1 n\u00e3o tinham a mesma motiva\u00e7\u00e3o para se encontrar\u00a0 nos botecos e bares da Rua da Ajuda, durante noites de s\u00e1bado, ou na livraria da Civiliza\u00e7\u00e3o Brasileira, na rua Chile, em final de tarde, na semana.\u00a0 Quando ent\u00e3o se discutia as quest\u00f5es de literatura atual em torno de Kafka, Sartre, Brecht, Pessoa, Proust,\u00a0 Joyce e Faulkner. Guimar\u00e3es Rosa, Clarice Lispector e Adonias Filho. Drummond, Jorge de Lima e Cec\u00edlia Meireles. Marx, Lukacs, Ortega y Gasset e outros.<\/p>\n<p>&nbsp;<br \/>\n&#8212;<br \/>\n*Cyro de Mattos \u00e9 autor premiado no Brasil e exterior.<\/p>\n","protected":false},"excerpt":{"rendered":"<p>Com a dispers\u00e3o da talentosa gera\u00e7\u00e3o de Glauber Rocha, em 1964, outras gera\u00e7\u00f5es iriam despontar nos meios culturais da Bahia.\u00a0 A chamada Gera\u00e7\u00e3o Revista da Bahia acontece nessa \u00e9poca. Seus jovens integrantes j\u00e1 demonstravam ser possuidores de certo instrumental cr\u00edtico para a discuss\u00e3o dos temas liter\u00e1rios. Outro grupo que despontava naqueles idos era o de [&hellip;]<\/p>\n","protected":false},"author":2,"featured_media":0,"comment_status":"open","ping_status":"open","sticky":false,"template":"","format":"standard","meta":{"_links_to":"","_links_to_target":""},"categories":[5],"tags":[],"_links":{"self":[{"href":"https:\/\/www.r2cpress.com.br\/v1\/wp-json\/wp\/v2\/posts\/33843"}],"collection":[{"href":"https:\/\/www.r2cpress.com.br\/v1\/wp-json\/wp\/v2\/posts"}],"about":[{"href":"https:\/\/www.r2cpress.com.br\/v1\/wp-json\/wp\/v2\/types\/post"}],"author":[{"embeddable":true,"href":"https:\/\/www.r2cpress.com.br\/v1\/wp-json\/wp\/v2\/users\/2"}],"replies":[{"embeddable":true,"href":"https:\/\/www.r2cpress.com.br\/v1\/wp-json\/wp\/v2\/comments?post=33843"}],"version-history":[{"count":7,"href":"https:\/\/www.r2cpress.com.br\/v1\/wp-json\/wp\/v2\/posts\/33843\/revisions"}],"predecessor-version":[{"id":33850,"href":"https:\/\/www.r2cpress.com.br\/v1\/wp-json\/wp\/v2\/posts\/33843\/revisions\/33850"}],"wp:attachment":[{"href":"https:\/\/www.r2cpress.com.br\/v1\/wp-json\/wp\/v2\/media?parent=33843"}],"wp:term":[{"taxonomy":"category","embeddable":true,"href":"https:\/\/www.r2cpress.com.br\/v1\/wp-json\/wp\/v2\/categories?post=33843"},{"taxonomy":"post_tag","embeddable":true,"href":"https:\/\/www.r2cpress.com.br\/v1\/wp-json\/wp\/v2\/tags?post=33843"}],"curies":[{"name":"wp","href":"https:\/\/api.w.org\/{rel}","templated":true}]}}