{"id":33912,"date":"2012-01-19T14:35:11","date_gmt":"2012-01-19T16:35:11","guid":{"rendered":"http:\/\/www.r2cpress.com.br\/v1\/?p=33912"},"modified":"2012-01-19T14:35:11","modified_gmt":"2012-01-19T16:35:11","slug":"palavra-do-conselheiro-da-comissao-plebiscitaria","status":"publish","type":"post","link":"https:\/\/www.r2cpress.com.br\/v1\/2012\/01\/19\/palavra-do-conselheiro-da-comissao-plebiscitaria\/","title":{"rendered":"Palavra do Conselheiro da Comiss\u00e3o Plebiscit\u00e1ria"},"content":{"rendered":"<p>Ilh\u00e9us(BA), 18 de janeiro de 2012.<\/p>\n<div>Meus caros irm\u00e3os(\u00e3s) PM\/BM e dign\u00edssimas fam\u00edlias,<\/div>\n<div><\/div>\n<div><a href=\"http:\/\/4.bp.blogspot.com\/_8M0x0bXqTnI\/TRIXd-RUG0I\/AAAAAAAACBs\/IDRZ0ZSviF8\/s1600\/cel_batista.JPG\"><img loading=\"lazy\" class=\"alignright\" src=\"http:\/\/4.bp.blogspot.com\/_8M0x0bXqTnI\/TRIXd-RUG0I\/AAAAAAAACBs\/IDRZ0ZSviF8\/s200\/cel_batista.JPG\" alt=\"\" width=\"200px\" height=\"121px\" border=\"0\" \/><\/a>VALE SIM, VALE A PENA VIVERMOS atuando, nobremente, na \u00e1rea da Seguran\u00e7a P\u00fablica, para onde fui chamado h\u00e1 42 (quarenta e dois) anos e permanecerei &#8220;Ativo&#8221;, mesmo na Reserva (mal)Remunerada.<\/div>\n<div><\/div>\n<div>Maior que a vergonha pelos meus erros cometidos at\u00e9 hoje \u00e9, felizmente, a vaidade justa que sinto pelos meus acertos, promovendo, sempre que poss\u00edvel, a pessoa humana de comandantes, comandados e de qualquer do povo, renovando-lhes no esp\u00edrito a esperan\u00e7a na vida, e na mente a certeza de que todo problema tem solu\u00e7\u00e3o.<\/div>\n<div><\/div>\n<div>Um grande problema nos aflige, \u00e9 fato. Reside no hist\u00f3rico desrespeito \u00e0 dignidade da nossa pessoa humana, que reflete negativamente em nossas fam\u00edlias e atua\u00e7\u00e3o profissional. TEMOS QUE FAZER MUDAN\u00c7A DE RUMO!<\/div>\n<div><\/div>\n<div>VAMOS DAR UM BASTA! Para isso precisamos definir o que queremos, O QUE BUSCAMOS, e unir nossas vontades e esfor\u00e7os individuais e familiares, no enfrentamento da patente COVARDIA ou MISS\u00c3O dos que podem REVERTER ESTA TRISTE REALIDADE e fazer nascer a nossa alegria no exerc\u00edcio, por excel\u00eancia, das atividades que nos competem.<\/div>\n<div><\/div>\n<div>ESCOLHAM, pois, um pr\u00e9-candidato PM\/BM, que pelo menos demonstre ter consci\u00eancia cr\u00edtica abrangente e intelig\u00eancia multifocal, e VOTE nele para nos representar como candidato a Vereador de Ilh\u00e9us nas elei\u00e7\u00f5es municipais deste ano, com vistas \u00e0s esferas estadual e federal.<\/div>\n<div><\/div>\n<div>EVENTO: Pr\u00e9via eleitoral PM\/BM (tipo plebiscit\u00e1rio)<\/div>\n<div><\/div>\n<div>DATA: 20 \/ JAN \/ 2012<\/div>\n<div><\/div>\n<div>LOCAL: C\u00e2mara Municipal de Vereadores \/ Ilh\u00e9us<\/div>\n<p style=\"text-align: center;\">P A R T I C I P E M\u00a0\u00a0\u00a0 E\u00a0 \u00a0\u00a0B O A\u00a0\u00a0\u00a0 S O R T E !<\/p>\n<p style=\"text-align: center;\">Abra\u00e7os,<\/p>\n<div style=\"text-align: center;\">\u00a0Batista-T. Cel PM\/RR<\/div>\n<div style=\"text-align: center;\"><\/div>\n<div style=\"text-align: center;\">Conselheiro\/CPPM<\/div>\n<div style=\"text-align: center;\"><\/div>\n<div style=\"text-align: left;\"><\/div>\n<p>&#8212;<br \/>\nNo <a href = \"http:\/\/bizudepraca.blogspot.com\/2012\/01\/palavra-do-conselheiro-da-comissao.html?spref=fb\" target = \"_news\"><b>BIZU DE PRA\u00c7A<\/b><\/a><\/p>\n","protected":false},"excerpt":{"rendered":"<p>Ilh\u00e9us(BA), 18 de janeiro de 2012. Meus caros irm\u00e3os(\u00e3s) PM\/BM e dign\u00edssimas fam\u00edlias, VALE SIM, VALE A PENA VIVERMOS atuando, nobremente, na \u00e1rea da Seguran\u00e7a P\u00fablica, para onde fui chamado h\u00e1 42 (quarenta e dois) anos e permanecerei &#8220;Ativo&#8221;, mesmo na Reserva (mal)Remunerada. Maior que a vergonha pelos meus erros cometidos at\u00e9 hoje \u00e9, felizmente, [&hellip;]<\/p>\n","protected":false},"author":2,"featured_media":0,"comment_status":"open","ping_status":"open","sticky":false,"template":"","format":"standard","meta":{"_links_to":"","_links_to_target":""},"categories":[25],"tags":[],"_links":{"self":[{"href":"https:\/\/www.r2cpress.com.br\/v1\/wp-json\/wp\/v2\/posts\/33912"}],"collection":[{"href":"https:\/\/www.r2cpress.com.br\/v1\/wp-json\/wp\/v2\/posts"}],"about":[{"href":"https:\/\/www.r2cpress.com.br\/v1\/wp-json\/wp\/v2\/types\/post"}],"author":[{"embeddable":true,"href":"https:\/\/www.r2cpress.com.br\/v1\/wp-json\/wp\/v2\/users\/2"}],"replies":[{"embeddable":true,"href":"https:\/\/www.r2cpress.com.br\/v1\/wp-json\/wp\/v2\/comments?post=33912"}],"version-history":[{"count":3,"href":"https:\/\/www.r2cpress.com.br\/v1\/wp-json\/wp\/v2\/posts\/33912\/revisions"}],"predecessor-version":[{"id":33915,"href":"https:\/\/www.r2cpress.com.br\/v1\/wp-json\/wp\/v2\/posts\/33912\/revisions\/33915"}],"wp:attachment":[{"href":"https:\/\/www.r2cpress.com.br\/v1\/wp-json\/wp\/v2\/media?parent=33912"}],"wp:term":[{"taxonomy":"category","embeddable":true,"href":"https:\/\/www.r2cpress.com.br\/v1\/wp-json\/wp\/v2\/categories?post=33912"},{"taxonomy":"post_tag","embeddable":true,"href":"https:\/\/www.r2cpress.com.br\/v1\/wp-json\/wp\/v2\/tags?post=33912"}],"curies":[{"name":"wp","href":"https:\/\/api.w.org\/{rel}","templated":true}]}}