{"id":33926,"date":"2012-01-19T19:08:15","date_gmt":"2012-01-19T21:08:15","guid":{"rendered":"http:\/\/www.r2cpress.com.br\/v1\/?p=33926"},"modified":"2012-01-19T19:08:15","modified_gmt":"2012-01-19T21:08:15","slug":"69a-cipm-relatorio-estatistico-2011-zona-sul-de-ilheus","status":"publish","type":"post","link":"https:\/\/www.r2cpress.com.br\/v1\/2012\/01\/19\/69a-cipm-relatorio-estatistico-2011-zona-sul-de-ilheus\/","title":{"rendered":"69\u00aa CIPM &#8211; Relat\u00f3rio estat\u00edstico 2011 (ZONA SUL DE ILH\u00c9US)"},"content":{"rendered":"<p>Segue relat\u00f3rio referente \u00e0s principais ocorr\u00eancias da \u00e1rea desta CIPM.<\/p>\n<p>Homic\u00eddio 2011<\/p>\n<p>Para crit\u00e9rio de avalia\u00e7\u00e3o e quantifica\u00e7\u00e3o desta vari\u00e1vel, conceitua homic\u00eddio: como qualquer a\u00e7\u00e3o, de forma geral, intencional ou n\u00e3o que resulte em morte.<\/p>\n<p>Entre janeiro e dezembro de 2011 a 69\u00aa CIPM realizou 27 (vinte e sete) apreens\u00f5es de armas de fogo. Esses n\u00fameros impressionam, visto que mais de 90% dos homic\u00eddios s\u00e3o praticados por arma de fogo, levando a aferir que a 69\u00aa CIPM, teria prevenido um grande n\u00famero de homic\u00eddios, sem contar que essas apreens\u00f5es impediram a pr\u00e1tica de diversos outros crimes.<\/p>\n<p>Os homic\u00eddios ocorreram com mais freq\u00fc\u00eancia nos meses de janeiro, mar\u00e7o e dezembro. O tr\u00e1fico e uso de drogas foram fatores motivadores a ocorr\u00eancia de mortes, tanto na disputa por pontos de venda quanto na cobran\u00e7a de dividas a usu\u00e1rios.<\/p>\n<p>Em mar\u00e7o houve a pris\u00e3o do principal traficante do bairro Nelson Costa, acarretando na disputa do ponto por outros traficantes, gerando homic\u00eddios e tentativas de homic\u00eddio.<\/p>\n<p>No m\u00eas de dezembro teve um aumento consider\u00e1vel em homic\u00eddios motivado pela soltura de alguns elementos beneficiados com o indulto natalino. Conforme gr\u00e1fico 03.<\/p>\n<p>Os bairros Nossa Senhora da Vit\u00f3ria e Ilh\u00e9us II s\u00e3o mal assistidos pelo poder p\u00fablico, no qual, falta estrutura urbana. A \u00fanica presen\u00e7a marcante do estado no bairro \u00e9 a da Pol\u00edcia Militar.<\/p>\n<p>Observar gr\u00e1ficos Abaixo:<\/p>\n<p>Gr\u00e1fico 01:<\/p>\n<p>Veja todos os gr\u00e1ficos e demais informa\u00e7\u00f5es no <a href = \"http:\/\/aguilho-tina.blogspot.com\/2012\/01\/69-cipm-relatorio-estatistico-2011.html\" target = \"_news\"><b>A GUILHOTINA<\/b><\/a><\/p>\n","protected":false},"excerpt":{"rendered":"<p>Segue relat\u00f3rio referente \u00e0s principais ocorr\u00eancias da \u00e1rea desta CIPM. Homic\u00eddio 2011 Para crit\u00e9rio de avalia\u00e7\u00e3o e quantifica\u00e7\u00e3o desta vari\u00e1vel, conceitua homic\u00eddio: como qualquer a\u00e7\u00e3o, de forma geral, intencional ou n\u00e3o que resulte em morte. Entre janeiro e dezembro de 2011 a 69\u00aa CIPM realizou 27 (vinte e sete) apreens\u00f5es de armas de fogo. Esses [&hellip;]<\/p>\n","protected":false},"author":2,"featured_media":0,"comment_status":"open","ping_status":"open","sticky":false,"template":"","format":"standard","meta":{"_links_to":"","_links_to_target":""},"categories":[25],"tags":[],"_links":{"self":[{"href":"https:\/\/www.r2cpress.com.br\/v1\/wp-json\/wp\/v2\/posts\/33926"}],"collection":[{"href":"https:\/\/www.r2cpress.com.br\/v1\/wp-json\/wp\/v2\/posts"}],"about":[{"href":"https:\/\/www.r2cpress.com.br\/v1\/wp-json\/wp\/v2\/types\/post"}],"author":[{"embeddable":true,"href":"https:\/\/www.r2cpress.com.br\/v1\/wp-json\/wp\/v2\/users\/2"}],"replies":[{"embeddable":true,"href":"https:\/\/www.r2cpress.com.br\/v1\/wp-json\/wp\/v2\/comments?post=33926"}],"version-history":[{"count":2,"href":"https:\/\/www.r2cpress.com.br\/v1\/wp-json\/wp\/v2\/posts\/33926\/revisions"}],"predecessor-version":[{"id":33928,"href":"https:\/\/www.r2cpress.com.br\/v1\/wp-json\/wp\/v2\/posts\/33926\/revisions\/33928"}],"wp:attachment":[{"href":"https:\/\/www.r2cpress.com.br\/v1\/wp-json\/wp\/v2\/media?parent=33926"}],"wp:term":[{"taxonomy":"category","embeddable":true,"href":"https:\/\/www.r2cpress.com.br\/v1\/wp-json\/wp\/v2\/categories?post=33926"},{"taxonomy":"post_tag","embeddable":true,"href":"https:\/\/www.r2cpress.com.br\/v1\/wp-json\/wp\/v2\/tags?post=33926"}],"curies":[{"name":"wp","href":"https:\/\/api.w.org\/{rel}","templated":true}]}}