{"id":33936,"date":"2012-01-20T09:18:39","date_gmt":"2012-01-20T11:18:39","guid":{"rendered":"http:\/\/www.r2cpress.com.br\/v1\/?p=33936"},"modified":"2012-01-20T09:18:39","modified_gmt":"2012-01-20T11:18:39","slug":"13a-ciretran-reedita-o-projeto-verao-em-ilheus","status":"publish","type":"post","link":"https:\/\/www.r2cpress.com.br\/v1\/2012\/01\/20\/13a-ciretran-reedita-o-projeto-verao-em-ilheus\/","title":{"rendered":"13\u00aa Ciretran reedita o  Projeto Ver\u00e3o em Ilh\u00e9us"},"content":{"rendered":"<p><a href=\"http:\/\/www.r2cpress.com.br\/v1\/wp-content\/uploads\/Maria-Luiza-Clement-e-Jose-Antonio-Ocke.jpg\"><img loading=\"lazy\" class=\"alignright size-medium wp-image-33937\" title=\"Maria Luiza Clement e Jose Antonio Ocke\" src=\"http:\/\/www.r2cpress.com.br\/v1\/wp-content\/uploads\/Maria-Luiza-Clement-e-Jose-Antonio-Ocke-300x208.jpg\" alt=\"\" width=\"300\" height=\"208\" srcset=\"https:\/\/www.r2cpress.com.br\/v1\/wp-content\/uploads\/Maria-Luiza-Clement-e-Jose-Antonio-Ocke-300x208.jpg 300w, https:\/\/www.r2cpress.com.br\/v1\/wp-content\/uploads\/Maria-Luiza-Clement-e-Jose-Antonio-Ocke.jpg 333w\" sizes=\"(max-width: 300px) 100vw, 300px\" \/><\/a>A 13\u00aa Ciretran, como faz todos os anos, realiza em Ilh\u00e9us, o Projeto Ver\u00e3o. O objetivo \u00e9 intensificar a\u00e7\u00f5es educativas voltadas para a conscientiza\u00e7\u00e3o no tr\u00e2nsito, principalmente na alta esta\u00e7\u00e3o. As abordagens ser\u00e3o feitas nas sinaleiras do centro e das zonas norte e sul, com a distribui\u00e7\u00e3o de informativos. A proposta \u00e9 levar aos condutores e pedestres a reflex\u00e3o sobre o comportamento no tr\u00e2nsito e com \u00eanfase para a n\u00e3o mistura de \u00e1lcool e dire\u00e7\u00e3o com ve\u00edculos automotores.<\/p>\n<p>O coordenador do \u00f3rg\u00e3o em Ilh\u00e9us, Jos\u00e9 Antonio Ock\u00e9, contou que este ano, o tema da campanha \u00e9 \u201cEntre na onda do tr\u00e2nsito seguro\u201d, com a realiza\u00e7\u00e3o de abordagens em \u00e1reas que d\u00e3o acesso ao litoral. Ock\u00e9 explicou que a campanha visa tamb\u00e9m fiscalizar os motociclistas quanto ao uso de equipamentos obrigat\u00f3rios, bem como sua atua\u00e7\u00e3o no tr\u00e2nsito.<\/p>\n<p>Jos\u00e9 Antonio Ock\u00e9 lembrou que a orienta\u00e7\u00e3o dada pelo diretor-geral do Detran da Bahia, Maur\u00edcio Botelho, \u00e9 a 13\u00aa Ciretran trabalhar na \u00e1rea de sua jurisdi\u00e7\u00e3o com a\u00e7\u00f5es preventivas e educativas que t\u00eam o car\u00e1ter de conscientizar as pessoas para o grande \u00edndice de fatalidades ocorridas no tr\u00e2nsito, com o n\u00famero maior envolvendo motos.<\/p>\n<p>J\u00e1 a assessora da 13\u00aa Ciretran, Maria Luiza Clement, destaca que a campanha \u00e9 de cunho educativo, mas se porventura algum ve\u00edculo automotor abordado apresentar alguma irregularidade ser\u00e3o tomadas as provid\u00eancias de costume, bem como para seus condutores. \u201cMas \u00e9 sempre lembrar que se beber n\u00e3o deve dirigir, porque a Bahia ocupa o terceiro lugar no nordeste em termos de mortes nas rodovias. \u00c9 alarmante o n\u00famero de pessoas que morrem em acidentes de tr\u00e2nsito no Brasil, com interna\u00e7\u00f5es e les\u00f5es graves\u201d.<\/p>\n","protected":false},"excerpt":{"rendered":"<p>A 13\u00aa Ciretran, como faz todos os anos, realiza em Ilh\u00e9us, o Projeto Ver\u00e3o. O objetivo \u00e9 intensificar a\u00e7\u00f5es educativas voltadas para a conscientiza\u00e7\u00e3o no tr\u00e2nsito, principalmente na alta esta\u00e7\u00e3o. As abordagens ser\u00e3o feitas nas sinaleiras do centro e das zonas norte e sul, com a distribui\u00e7\u00e3o de informativos. A proposta \u00e9 levar aos condutores [&hellip;]<\/p>\n","protected":false},"author":2,"featured_media":0,"comment_status":"open","ping_status":"open","sticky":false,"template":"","format":"standard","meta":{"_links_to":"","_links_to_target":""},"categories":[25],"tags":[],"_links":{"self":[{"href":"https:\/\/www.r2cpress.com.br\/v1\/wp-json\/wp\/v2\/posts\/33936"}],"collection":[{"href":"https:\/\/www.r2cpress.com.br\/v1\/wp-json\/wp\/v2\/posts"}],"about":[{"href":"https:\/\/www.r2cpress.com.br\/v1\/wp-json\/wp\/v2\/types\/post"}],"author":[{"embeddable":true,"href":"https:\/\/www.r2cpress.com.br\/v1\/wp-json\/wp\/v2\/users\/2"}],"replies":[{"embeddable":true,"href":"https:\/\/www.r2cpress.com.br\/v1\/wp-json\/wp\/v2\/comments?post=33936"}],"version-history":[{"count":3,"href":"https:\/\/www.r2cpress.com.br\/v1\/wp-json\/wp\/v2\/posts\/33936\/revisions"}],"predecessor-version":[{"id":33940,"href":"https:\/\/www.r2cpress.com.br\/v1\/wp-json\/wp\/v2\/posts\/33936\/revisions\/33940"}],"wp:attachment":[{"href":"https:\/\/www.r2cpress.com.br\/v1\/wp-json\/wp\/v2\/media?parent=33936"}],"wp:term":[{"taxonomy":"category","embeddable":true,"href":"https:\/\/www.r2cpress.com.br\/v1\/wp-json\/wp\/v2\/categories?post=33936"},{"taxonomy":"post_tag","embeddable":true,"href":"https:\/\/www.r2cpress.com.br\/v1\/wp-json\/wp\/v2\/tags?post=33936"}],"curies":[{"name":"wp","href":"https:\/\/api.w.org\/{rel}","templated":true}]}}