{"id":34051,"date":"2012-01-20T18:40:03","date_gmt":"2012-01-20T20:40:03","guid":{"rendered":"http:\/\/www.r2cpress.com.br\/v1\/?p=34051"},"modified":"2012-01-20T18:40:03","modified_gmt":"2012-01-20T20:40:03","slug":"autor-de-chacina-e-preso-no-municipio-de-ilheus","status":"publish","type":"post","link":"https:\/\/www.r2cpress.com.br\/v1\/2012\/01\/20\/autor-de-chacina-e-preso-no-municipio-de-ilheus\/","title":{"rendered":"Autor de chacina \u00e9 preso no munic\u00edpio de Ilh\u00e9us"},"content":{"rendered":"<p>O traficante Jos\u00e9 Carlos Souza dos Santos, autor da chacina que deixou quatro mortos, no munic\u00edpio de Ilh\u00e9us (a 460km de Salvador), foi preso na quinta-feira, 19, ap\u00f3s quatro dias foragido.<\/p>\n<p>O acusado, conhecido como Chupado, foi encontrado na casa de parentes, na zona rural do munic\u00edpio, ap\u00f3s investiga\u00e7\u00e3o da 7\u00aa Coordenadoria Regional de Pol\u00edcia do Interior (Coorpin), e n\u00e3o ofereceu resist\u00eancia \u00e0 pris\u00e3o.<\/p>\n<p>O crime ocorreu na \u00faltima segunda, 16, quando Jos\u00e9 Carlos, atingido no peito por um caco de vidro, alguns dias antes, resolveu se vingar do traficante de prenome Isac, que teria lhe causado o ferimento durante uma briga.<\/p>\n<p>Segundo o titular da 7\u00aa Coorpin, delegado Irineu Alves, Chupado teria chamado alguns criminosos, entre eles o irm\u00e3o Elinaldo Souza dos Santos (Sebinho), 32 anos, e o primo Alexandro de Souza Menezes (Alex), 24, e invadido o ponto de vendas de drogas de Isac, em uma regi\u00e3o conhecida como Iraque, no distrito de Banco da Vit\u00f3ria.<\/p>\n<p>Em um carro preto, que n\u00e3o teve o modelo divulgado, o bando de Jos\u00e9 Carlos atirou contra as pessoas que estavam no ponto de tr\u00e1fico. Mois\u00e9s Souza Santos, 25, Zaqueu Ricardo dos Santos J\u00fanior, 21, Jaziel Santos da Silva, 25, e um adolescente de 17 anos, morreram no local. Segundo a assessoria da Pol\u00edcia Civil, todos tinham envolvimento com o tr\u00e1fico de drogas.<\/p>\n<p>O alvo do atentado, Isac, conseguiu escapar e est\u00e1 sendo procurado. Depois da execu\u00e7\u00e3o, os criminosos ainda atearam fogo na casa onde as drogas eram vendidas.<br \/>\nO irm\u00e3o e primo de Jos\u00e9 Carlos, que est\u00e3o foragidos, mas j\u00e1 t\u00eam pris\u00e3o tempor\u00e1ria decretada, est\u00e3o sendo procurados pela pol\u00edcia.<\/p>\n<p>Fagner Reis dos Santos, 23 anos, Igor Vin\u00edcius Carvalho dos Reis, 19, Mateus da Silva Santos, 19, e Nivaldo de Jesus Silva, 31, suspeitos de terem participado da mesma chacina, tamb\u00e9m j\u00e1 foram presos.  A 7\u00aa Coorpin investiga qual a participa\u00e7\u00e3o dos acusados no crime.<\/p>\n<p>&#8212;<br \/>\nDa Reda\u00e7\u00e3o<br \/>\n<a href = \"http:\/\/www.atardeonline.com.br\/cidades\/noticia.jsf?id=5802093&#038;t=Autor+de+chacina+e+preso+no+municipio+de+Ilheus\" target = \"_news\"><b>A TARDE ON LINE<\/b><\/a><\/p>\n","protected":false},"excerpt":{"rendered":"<p>O traficante Jos\u00e9 Carlos Souza dos Santos, autor da chacina que deixou quatro mortos, no munic\u00edpio de Ilh\u00e9us (a 460km de Salvador), foi preso na quinta-feira, 19, ap\u00f3s quatro dias foragido. O acusado, conhecido como Chupado, foi encontrado na casa de parentes, na zona rural do munic\u00edpio, ap\u00f3s investiga\u00e7\u00e3o da 7\u00aa Coordenadoria Regional de Pol\u00edcia [&hellip;]<\/p>\n","protected":false},"author":2,"featured_media":0,"comment_status":"open","ping_status":"open","sticky":false,"template":"","format":"standard","meta":{"_links_to":"","_links_to_target":""},"categories":[25],"tags":[],"_links":{"self":[{"href":"https:\/\/www.r2cpress.com.br\/v1\/wp-json\/wp\/v2\/posts\/34051"}],"collection":[{"href":"https:\/\/www.r2cpress.com.br\/v1\/wp-json\/wp\/v2\/posts"}],"about":[{"href":"https:\/\/www.r2cpress.com.br\/v1\/wp-json\/wp\/v2\/types\/post"}],"author":[{"embeddable":true,"href":"https:\/\/www.r2cpress.com.br\/v1\/wp-json\/wp\/v2\/users\/2"}],"replies":[{"embeddable":true,"href":"https:\/\/www.r2cpress.com.br\/v1\/wp-json\/wp\/v2\/comments?post=34051"}],"version-history":[{"count":2,"href":"https:\/\/www.r2cpress.com.br\/v1\/wp-json\/wp\/v2\/posts\/34051\/revisions"}],"predecessor-version":[{"id":34053,"href":"https:\/\/www.r2cpress.com.br\/v1\/wp-json\/wp\/v2\/posts\/34051\/revisions\/34053"}],"wp:attachment":[{"href":"https:\/\/www.r2cpress.com.br\/v1\/wp-json\/wp\/v2\/media?parent=34051"}],"wp:term":[{"taxonomy":"category","embeddable":true,"href":"https:\/\/www.r2cpress.com.br\/v1\/wp-json\/wp\/v2\/categories?post=34051"},{"taxonomy":"post_tag","embeddable":true,"href":"https:\/\/www.r2cpress.com.br\/v1\/wp-json\/wp\/v2\/tags?post=34051"}],"curies":[{"name":"wp","href":"https:\/\/api.w.org\/{rel}","templated":true}]}}