{"id":34543,"date":"2012-01-25T16:47:48","date_gmt":"2012-01-25T18:47:48","guid":{"rendered":"http:\/\/www.r2cpress.com.br\/v1\/?p=34543"},"modified":"2012-01-25T16:47:48","modified_gmt":"2012-01-25T18:47:48","slug":"defesa-da-paroquia-da-princesa-isabel","status":"publish","type":"post","link":"https:\/\/www.r2cpress.com.br\/v1\/2012\/01\/25\/defesa-da-paroquia-da-princesa-isabel\/","title":{"rendered":"Defesa da Par\u00f3quia da Princesa Isabel"},"content":{"rendered":"<p>De: Noel Nery Alves de Oliveira <www .noelnery@r7.com.br><br \/>\nAssunto: Defesa da Par\u00f3quia da Princesa Isabel<\/p>\n<p>Corpo da mensagem:<\/p>\n<p>Caro Rabat,<\/p>\n<p>          N\u00e3o tenho procura\u00e7\u00e3o da Par\u00f3quia da Princesa Isabel, para falar em seu nome, mais gostaria de saber do Sr. Carlos Silva, se o mesmo j\u00e1 ouviu falar na Lavagem do Bonfim e da festa da Concei\u00e7\u00e3o da Praia e de outras festas religiosas de Salvador, onde misturam-se o religioso e o profano.<\/p>\n<p>Ou o caso d\u00eale \u00e9 contra o Padre Cristo?<\/p>\n<p>Abra\u00e7o<\/p>\n<p>Noel Nery<\/www><\/p>\n","protected":false},"excerpt":{"rendered":"<p>De: Noel Nery Alves de Oliveira Assunto: Defesa da Par\u00f3quia da Princesa Isabel Corpo da mensagem: Caro Rabat, N\u00e3o tenho procura\u00e7\u00e3o da Par\u00f3quia da Princesa Isabel, para falar em seu nome, mais gostaria de saber do Sr. Carlos Silva, se o mesmo j\u00e1 ouviu falar na Lavagem do Bonfim e da festa da Concei\u00e7\u00e3o da [&hellip;]<\/p>\n","protected":false},"author":2,"featured_media":0,"comment_status":"open","ping_status":"open","sticky":false,"template":"","format":"standard","meta":{"_links_to":"","_links_to_target":""},"categories":[10],"tags":[],"_links":{"self":[{"href":"https:\/\/www.r2cpress.com.br\/v1\/wp-json\/wp\/v2\/posts\/34543"}],"collection":[{"href":"https:\/\/www.r2cpress.com.br\/v1\/wp-json\/wp\/v2\/posts"}],"about":[{"href":"https:\/\/www.r2cpress.com.br\/v1\/wp-json\/wp\/v2\/types\/post"}],"author":[{"embeddable":true,"href":"https:\/\/www.r2cpress.com.br\/v1\/wp-json\/wp\/v2\/users\/2"}],"replies":[{"embeddable":true,"href":"https:\/\/www.r2cpress.com.br\/v1\/wp-json\/wp\/v2\/comments?post=34543"}],"version-history":[{"count":2,"href":"https:\/\/www.r2cpress.com.br\/v1\/wp-json\/wp\/v2\/posts\/34543\/revisions"}],"predecessor-version":[{"id":34545,"href":"https:\/\/www.r2cpress.com.br\/v1\/wp-json\/wp\/v2\/posts\/34543\/revisions\/34545"}],"wp:attachment":[{"href":"https:\/\/www.r2cpress.com.br\/v1\/wp-json\/wp\/v2\/media?parent=34543"}],"wp:term":[{"taxonomy":"category","embeddable":true,"href":"https:\/\/www.r2cpress.com.br\/v1\/wp-json\/wp\/v2\/categories?post=34543"},{"taxonomy":"post_tag","embeddable":true,"href":"https:\/\/www.r2cpress.com.br\/v1\/wp-json\/wp\/v2\/tags?post=34543"}],"curies":[{"name":"wp","href":"https:\/\/api.w.org\/{rel}","templated":true}]}}