{"id":34572,"date":"2012-01-26T10:06:37","date_gmt":"2012-01-26T12:06:37","guid":{"rendered":"http:\/\/www.r2cpress.com.br\/v1\/?p=34572"},"modified":"2012-01-26T10:06:37","modified_gmt":"2012-01-26T12:06:37","slug":"curso-de-fotografia-na-comunicacao-publica-amurc","status":"publish","type":"post","link":"https:\/\/www.r2cpress.com.br\/v1\/2012\/01\/26\/curso-de-fotografia-na-comunicacao-publica-amurc\/","title":{"rendered":"Curso de Fotografia na Comunica\u00e7\u00e3o P\u00fablica &#8211; AMURC"},"content":{"rendered":"<p>Acabou a pausa\u2026 Hora de voltar \u00e0 ativa, em 220 volts!<\/p>\n<p>Come\u00e7ando com um curso intensivo para servidores municipais e t\u00e9cnicos da \u00e1rea de Comunica\u00e7\u00e3o Social que atuam na produ\u00e7\u00e3o de mat\u00e9rias jornal\u00edsticas e imagens fotogr\u00e1ficas nas prefeituras associadas a AMURC (Associa\u00e7\u00e3o dos Munic\u00edpios da Regi\u00e3o Cacaueira).<\/p>\n<p>Com turma fechada, promovido pela AMURC, o curso tem como objetivo fomentar os conhecimentos dos servidores dos munic\u00edpios associados na produ\u00e7\u00e3o de Fotografia e Texto com melhor qualidade. A ideia parte da necessidade de capacitar os profissionais envolvidos nesse contexto para atuarem de modo mais eficaz, contribuindo para a difus\u00e3o do Poder P\u00fablico Municipal nos Meios de Comunica\u00e7\u00e3o.<\/p>\n<p>O curso acontece nos dias 30 (foto) e 31 (texto) de janeiro no audit\u00f3rio da C\u00e2mara de Dirigentes Lojistas de Itabuna, Av. do Cinquenten\u00e1rio, 966 \u2013 3\u00ba andar.<\/p>\n<p>Vai ser \u201cpunk\u201d: Das 8 \u00e0s 20:30h, com coffee break e intervalo para almo\u00e7o; cansativo com certeza, mas garanto que ser\u00e1 bem din\u00e2mico.<\/p>\n<p>Conte\u00fado:<\/p>\n<p>    Fotografia: O que \u00e9 e para que serve?<br \/>\n    Conhecendo seu equipamento<br \/>\n    Composi\u00e7\u00e3o da Imagem: Est\u00e9tica e Mensagem<br \/>\n    Pr\u00e1tica de Fotografia de Eventos<br \/>\n    Sele\u00e7\u00e3o e avalia\u00e7\u00e3o das fotos produzidas<\/p>\n<p>Como este \u00e9 um curso fechado e com p\u00fablico alvo bem definido, \u00e9 claro que n\u00e3o temos abertura de vagas, mas o curso de \u201cFotografia na Comunica\u00e7\u00e3o P\u00fablica\u201d est\u00e1 formatado e ser\u00e1 oferecido em breve, para pessoas que desejam atuar em Assessorias de Comunica\u00e7\u00e3o, visando tamb\u00e9m as campanhas pol\u00edticas que se aproximam! Fique de olho em nosso site www.descobrindoafotografia.com e n\u00e3o perca as oportunidades que vir\u00e3o!<\/p>\n","protected":false},"excerpt":{"rendered":"<p>Acabou a pausa\u2026 Hora de voltar \u00e0 ativa, em 220 volts! Come\u00e7ando com um curso intensivo para servidores municipais e t\u00e9cnicos da \u00e1rea de Comunica\u00e7\u00e3o Social que atuam na produ\u00e7\u00e3o de mat\u00e9rias jornal\u00edsticas e imagens fotogr\u00e1ficas nas prefeituras associadas a AMURC (Associa\u00e7\u00e3o dos Munic\u00edpios da Regi\u00e3o Cacaueira). Com turma fechada, promovido pela AMURC, o curso [&hellip;]<\/p>\n","protected":false},"author":2,"featured_media":0,"comment_status":"open","ping_status":"open","sticky":false,"template":"","format":"standard","meta":{"_links_to":"","_links_to_target":""},"categories":[10],"tags":[],"_links":{"self":[{"href":"https:\/\/www.r2cpress.com.br\/v1\/wp-json\/wp\/v2\/posts\/34572"}],"collection":[{"href":"https:\/\/www.r2cpress.com.br\/v1\/wp-json\/wp\/v2\/posts"}],"about":[{"href":"https:\/\/www.r2cpress.com.br\/v1\/wp-json\/wp\/v2\/types\/post"}],"author":[{"embeddable":true,"href":"https:\/\/www.r2cpress.com.br\/v1\/wp-json\/wp\/v2\/users\/2"}],"replies":[{"embeddable":true,"href":"https:\/\/www.r2cpress.com.br\/v1\/wp-json\/wp\/v2\/comments?post=34572"}],"version-history":[{"count":2,"href":"https:\/\/www.r2cpress.com.br\/v1\/wp-json\/wp\/v2\/posts\/34572\/revisions"}],"predecessor-version":[{"id":34574,"href":"https:\/\/www.r2cpress.com.br\/v1\/wp-json\/wp\/v2\/posts\/34572\/revisions\/34574"}],"wp:attachment":[{"href":"https:\/\/www.r2cpress.com.br\/v1\/wp-json\/wp\/v2\/media?parent=34572"}],"wp:term":[{"taxonomy":"category","embeddable":true,"href":"https:\/\/www.r2cpress.com.br\/v1\/wp-json\/wp\/v2\/categories?post=34572"},{"taxonomy":"post_tag","embeddable":true,"href":"https:\/\/www.r2cpress.com.br\/v1\/wp-json\/wp\/v2\/tags?post=34572"}],"curies":[{"name":"wp","href":"https:\/\/api.w.org\/{rel}","templated":true}]}}