{"id":34591,"date":"2012-01-26T12:49:50","date_gmt":"2012-01-26T14:49:50","guid":{"rendered":"http:\/\/www.r2cpress.com.br\/v1\/?p=34591"},"modified":"2012-01-28T21:54:04","modified_gmt":"2012-01-28T23:54:04","slug":"a-sensacao-e-horrivel","status":"publish","type":"post","link":"https:\/\/www.r2cpress.com.br\/v1\/2012\/01\/26\/a-sensacao-e-horrivel\/","title":{"rendered":"A sensa\u00e7\u00e3o \u00e9 horr\u00edvel &#8230;"},"content":{"rendered":"<p>Aconteceu um fato novo detectado em um dos exames e isso motivou uma liga\u00e7\u00e3o de uma das pessoas envolvidas na minha cirurgia. Ela \u00e9 da equipe m\u00e9dica que vai me operar. A verdade \u00e9 que deverei estar, impreterivelmente, no dia 1 em Salvador para, depois de eliminados alguns riscos a\u00ed sim a cirurgia estar\u00e1 acontecendo no dia 08 de fevereiro.<\/p>\n<p>Ontem e hoje foram v\u00e1rios contatos e orienta\u00e7\u00f5es. N\u00e3o tenho condi\u00e7\u00f5es de ficar direto em Salvador e por isso Omar Rabat, meu primo (a quem vou passar o resto da vida agradecendo)   est\u00e1 parecendo uma lan\u00e7adeira cuidando da parte burocr\u00e1tica.<\/p>\n<p>As liga\u00e7\u00f5es da cl\u00ednica acontecem em hor\u00e1rio comercial. Todas as liga\u00e7\u00f5es que recebo tenho que mandar a assistente ficar repetindo porque \u00e9 dif\u00edcil escutar, raciocinar porque os carros de som com o volume nas alturas impedem. J\u00e1 estou uma pilha porque, como disse, l\u00e1 eu n\u00e3o tenho os mesmo conhecimentos que aqui. Tudo estranho e tendo que conseguir, por exig\u00eancia, uma s\u00e9rie de coisas.<\/p>\n<p>Essa introdu\u00e7\u00e3o \u00e9 para voc\u00ea se situar. Imagine voc\u00ea estar num telefone, ouvindo as instru\u00e7\u00f5es para possibilitarem abrir o seu peito para uma cirurgia grande e delicada com todos os riscos e mais alguma coisa quando se tem 100% de entupimento em duas delas e 25\/30% na terceira. O que est\u00e1 me mantendo vivo s\u00e3o as pequenas (perif\u00e9ricas).<\/p>\n<p>Diante desse quadro complicad\u00edssimo quando a recomenda\u00e7\u00e3o \u00e9 n\u00e3o se estressar, n\u00e3o deixar subir a adrenalina, n\u00e3o deixar o sangue acelerar (nervoso) e ficar no mais completo repouso e tendo um carro de som atr\u00e1s do outro inviabilizando a conversa&#8230; N\u00e3o estou exagerando nem fazendo drama. Estou dizendo que fica imposs\u00edvel dar sequencia em uma conversa pelo telefone porque o som dos carros cobrem (acreditem) a minha voz.<\/p>\n<p>As autoridades de Ilh\u00e9us n\u00e3o est\u00e3o sendo merecedoras de respeito porque s\u00e3o coniventes com esses desmandos. Essas atitudes desrespeitosas ganham corpo (aumentam) porque essas mesmas autoridades, na sua in\u00e9rcia dizem: <strong>&#8220;coloquem o volume ao gosto do fregu\u00eas&#8221;.<\/strong> <\/p>\n<p><font color = \"red\"><strong>Essas autoridades s\u00e3o t\u00e3o criminosas quanto os criminosos que dirigem os carros de som.<\/strong><\/font><\/p>\n<p>Estou medindo as palavras porque n\u00e3o \u00e9 exatamente essas palavras que eu gostaria de usar. Gostaria de dizer, com todas as letras, o que acho delas espelhado na irresponsabilidade da conduta nos seus respectivos of\u00edcios. N\u00e3o vou dizer que essa coniv\u00eancia pode estar sendo remunerada porque n\u00e3o sou louco o suficiente para isso. N\u00e3o vou dizer que quanto maior o anel de DR menor \u00e9 o seu interesse em fazer jus ao cargo que ocupam nessa clara apatia cotidiana. N\u00e3o vou dizer que todas elas t\u00eam a s\u00edndrome do pequeno poder mesmo &#8220;inteletualmente e culturalmente&#8221; preparad\u00edssimos. N\u00e3o vou, nem imaginar, como conseguem galgar cargos importantes que na pr\u00e1tica beneficiariam uma sociedade que clama por prote\u00e7\u00e3o. Acredito mesmo que todas e todos estudaram e &#8220;ralaram&#8221;  muito para se transformarem em autoridade n\u00e3o lan\u00e7ando m\u00e3o, evidentemente, de certos ARTIF\u00cdCIOS COMUNS NAS ASCEN\u00c7\u00d5ES QUE ESTAMOS VENDO NO NOSSO PA\u00cdS E QUE REFLETEM, NAS REDA\u00c7\u00d5ES E OU DECIS\u00d5ES, O QUANTO S\u00c3O &#8216;PREPARADOS (AS)&#8217;.<\/p>\n<p>A verdade \u00e9 que estamos desamparados, desprotegidos e com uma \u00fanica certeza: <\/p>\n<p><strong>A SOLU\u00c7\u00c3O<\/strong><\/p>\n<p><strong>Que o cidad\u00e3o de bem, cumpridor das suas obriga\u00e7\u00f5es e esperan\u00e7oso, tome para si a resolu\u00e7\u00e3o dos problemas.<br \/>\nSe eu, por exemplo, voltar vivo vou comandar um levante nesta cidade e, em rede nacional, vou dizer a raz\u00e3o do movimento dizendo, inclusive,  o nome e a fun\u00e7\u00e3o de cada AUTORIDADE RESPONS\u00c1VEL da cidade estar esse mangue pra n\u00e3o dizer ZONA (porque l\u00e1, nos meus tempos, via uma invej\u00e1vel disciplina, organiza\u00e7\u00e3o&#8230;) bem diferente dessa outra. <\/strong><\/p>\n<p><strong>Chega!<\/strong><\/p>\n<p>Rabat.<\/p>\n","protected":false},"excerpt":{"rendered":"<p>Aconteceu um fato novo detectado em um dos exames e isso motivou uma liga\u00e7\u00e3o de uma das pessoas envolvidas na minha cirurgia. Ela \u00e9 da equipe m\u00e9dica que vai me operar. A verdade \u00e9 que deverei estar, impreterivelmente, no dia 1 em Salvador para, depois de eliminados alguns riscos a\u00ed sim a cirurgia estar\u00e1 acontecendo [&hellip;]<\/p>\n","protected":false},"author":2,"featured_media":0,"comment_status":"open","ping_status":"open","sticky":false,"template":"","format":"standard","meta":{"_links_to":"","_links_to_target":""},"categories":[20],"tags":[],"_links":{"self":[{"href":"https:\/\/www.r2cpress.com.br\/v1\/wp-json\/wp\/v2\/posts\/34591"}],"collection":[{"href":"https:\/\/www.r2cpress.com.br\/v1\/wp-json\/wp\/v2\/posts"}],"about":[{"href":"https:\/\/www.r2cpress.com.br\/v1\/wp-json\/wp\/v2\/types\/post"}],"author":[{"embeddable":true,"href":"https:\/\/www.r2cpress.com.br\/v1\/wp-json\/wp\/v2\/users\/2"}],"replies":[{"embeddable":true,"href":"https:\/\/www.r2cpress.com.br\/v1\/wp-json\/wp\/v2\/comments?post=34591"}],"version-history":[{"count":11,"href":"https:\/\/www.r2cpress.com.br\/v1\/wp-json\/wp\/v2\/posts\/34591\/revisions"}],"predecessor-version":[{"id":34834,"href":"https:\/\/www.r2cpress.com.br\/v1\/wp-json\/wp\/v2\/posts\/34591\/revisions\/34834"}],"wp:attachment":[{"href":"https:\/\/www.r2cpress.com.br\/v1\/wp-json\/wp\/v2\/media?parent=34591"}],"wp:term":[{"taxonomy":"category","embeddable":true,"href":"https:\/\/www.r2cpress.com.br\/v1\/wp-json\/wp\/v2\/categories?post=34591"},{"taxonomy":"post_tag","embeddable":true,"href":"https:\/\/www.r2cpress.com.br\/v1\/wp-json\/wp\/v2\/tags?post=34591"}],"curies":[{"name":"wp","href":"https:\/\/api.w.org\/{rel}","templated":true}]}}