{"id":34649,"date":"2012-01-26T21:49:05","date_gmt":"2012-01-26T23:49:05","guid":{"rendered":"http:\/\/www.r2cpress.com.br\/v1\/?p=34649"},"modified":"2012-01-26T22:15:23","modified_gmt":"2012-01-27T00:15:23","slug":"sobre-o-boicote","status":"publish","type":"post","link":"https:\/\/www.r2cpress.com.br\/v1\/2012\/01\/26\/sobre-o-boicote\/","title":{"rendered":"sobre o boicote"},"content":{"rendered":"<p>De: Carlos Silva <professor_ali @hotmail.com.br>\nAssunto: sobre o boicote<\/p>\n<p>Corpo da mensagem:<br \/>\nCaro Rabat<\/p>\n<p>Sobre a proposta do blog o sarrafo de se fazer um boicote as lojas que fazem polui\u00e7\u00e3o sonora atrav\u00e9s de carros de som, tenho a dizer que \u00e9 uma alternativa, mas que por N raz\u00f5es acabar\u00e1 por n\u00e3o funcionar. Como poderia eu fazer boicote ao mercado se eu fa\u00e7o compras nos 3 mercados do centro da cidade? Ficaria dif\u00edcil fazer todo um novo planejamento de compras para mercado, farm\u00e1cia e outros. Mesmo as pessoas mais conscientes do tema acabar\u00e3o por n\u00e3o aderir ou deixar de lado a proposta do boicote por raz\u00f5es de falta de tempo e economia.<\/p>\n<p>Sou absolutamente contra a polui\u00e7\u00e3o sonora e por isso n\u00e3o estou aqui para criticar a iniciativa, mas para propor um caminho diferente: por que a sociedade e os jornalistas n\u00e3o fazem uma audi\u00eancia p\u00fablica no centro de conven\u00e7\u00f5es de Ilh\u00e9us convidando o Minist\u00e9rio P\u00fablico, a Defens\u00f3ria P\u00fablica e representantes das policias civil e militar para um debate e cobran\u00e7a de a\u00e7\u00f5es efetivas?<\/p>\n<p>A sociedade poderia atrav\u00e9s de abaixo assinado cobrar das policias uma pol\u00edtica de toler\u00e2ncia zero \u00e0 polui\u00e7\u00e3o sonora. Cobrar que a policia fa\u00e7a apenas o trabalho dela que \u00e9 apreender o som do veiculo e fazer o um termo circunstanciado da ocorr\u00eancia, ao inv\u00e9s de fazer vistas grossas como anda fazendo, pois a policia de Ilh\u00e9us est\u00e1 sem comando.<\/p>\n<p>Se cobrarmos resultados com os \u00f3rg\u00e3os de justi\u00e7a, imprensa, sociedade e policia, esse problema come\u00e7ar\u00e1 a diminuir. \u00c9 preciso se criar um F\u00f3rum semestral ou anual para somente falar disso e se cobrar resultado ao poder p\u00fablico.<\/p>\n<p>&#8212;\n<\/professor_ali>\n","protected":false},"excerpt":{"rendered":"<p>De: Carlos Silva Assunto: sobre o boicote Corpo da mensagem: Caro Rabat Sobre a proposta do blog o sarrafo de se fazer um boicote as lojas que fazem polui\u00e7\u00e3o sonora atrav\u00e9s de carros de som, tenho a dizer que \u00e9 uma alternativa, mas que por N raz\u00f5es acabar\u00e1 por n\u00e3o funcionar. Como poderia eu fazer [&hellip;]<\/p>\n","protected":false},"author":2,"featured_media":0,"comment_status":"open","ping_status":"open","sticky":false,"template":"","format":"standard","meta":{"_links_to":"","_links_to_target":""},"categories":[10],"tags":[],"_links":{"self":[{"href":"https:\/\/www.r2cpress.com.br\/v1\/wp-json\/wp\/v2\/posts\/34649"}],"collection":[{"href":"https:\/\/www.r2cpress.com.br\/v1\/wp-json\/wp\/v2\/posts"}],"about":[{"href":"https:\/\/www.r2cpress.com.br\/v1\/wp-json\/wp\/v2\/types\/post"}],"author":[{"embeddable":true,"href":"https:\/\/www.r2cpress.com.br\/v1\/wp-json\/wp\/v2\/users\/2"}],"replies":[{"embeddable":true,"href":"https:\/\/www.r2cpress.com.br\/v1\/wp-json\/wp\/v2\/comments?post=34649"}],"version-history":[{"count":5,"href":"https:\/\/www.r2cpress.com.br\/v1\/wp-json\/wp\/v2\/posts\/34649\/revisions"}],"predecessor-version":[{"id":34660,"href":"https:\/\/www.r2cpress.com.br\/v1\/wp-json\/wp\/v2\/posts\/34649\/revisions\/34660"}],"wp:attachment":[{"href":"https:\/\/www.r2cpress.com.br\/v1\/wp-json\/wp\/v2\/media?parent=34649"}],"wp:term":[{"taxonomy":"category","embeddable":true,"href":"https:\/\/www.r2cpress.com.br\/v1\/wp-json\/wp\/v2\/categories?post=34649"},{"taxonomy":"post_tag","embeddable":true,"href":"https:\/\/www.r2cpress.com.br\/v1\/wp-json\/wp\/v2\/tags?post=34649"}],"curies":[{"name":"wp","href":"https:\/\/api.w.org\/{rel}","templated":true}]}}