{"id":347,"date":"2010-10-20T23:53:18","date_gmt":"2010-10-21T02:53:18","guid":{"rendered":"http:\/\/www.r2cpress.com.br\/v1\/?p=347"},"modified":"2010-10-20T23:53:52","modified_gmt":"2010-10-21T02:53:52","slug":"uma-figura-iluminada","status":"publish","type":"post","link":"https:\/\/www.r2cpress.com.br\/v1\/2010\/10\/20\/uma-figura-iluminada\/","title":{"rendered":"Uma figura ILUMINADA"},"content":{"rendered":"<p><center><a href = \"http:\/\/lh6.ggpht.com\/_PQy7A06gDto\/TL-nzLkqp-I\/AAAAAAAAtqo\/HS8LIid-mZI\/%C3%A1lvaro%20sim%C3%B5es%20e%20eu.jpg\" = target = \"_news\"><img src = \"http:\/\/lh6.ggpht.com\/_PQy7A06gDto\/TL-m3l8wdhI\/AAAAAAAAtqc\/Q-PqeVlCAZc\/%C3%A1lvaro%20sim%C3%B5es%20e%20eu%3D.jpg\"\/><\/a><\/center><br \/>\nExistem certas figuras que quando encontramos o cora\u00e7\u00e3o fica saltitando de tanta felicidade. Hoje foi um desses dias. Quem apareceu aqui foi essa figura de bom cora\u00e7\u00e3o e amigo dos amigos. \u00c1lvaro Sim\u00f5es al\u00e9m de excelente m\u00e9dico, ser humano exemplar, desprovido de vaidades \u00e9 um dos raros que  faz da medicina o seu sacerd\u00f3cio. Ele soube que eu tive um piripaque porque perdi o site e riscou aqui igual a um foguete.<\/p>\n<p>Quando meu pulm\u00e3o estava enchendo de sangue e fui transferido do S\u00e3o Jos\u00e9 para a UTI do  Calixto, em Itabuna, essa figura foi na ambul\u00e2ncia, segurando na minha m\u00e3o, dando uma for\u00e7a danada e n\u00e3o deixava eu fechar os olhos por nada desse mundo. Ele \u00e9 assim mesmo. N\u00e3o olha quem \u00e9 e sim quem est\u00e1 precisando. Por isso o <strong>HUMANO <\/strong>que usei l\u00e1 em cima.<br \/>\n<!--more--><br \/>\nRecentemente chegou um coment\u00e1rio\/elogio aqui pra ele. Fiquei todo contente com o que disseram. e o que n\u00e3o disseram \u00e9 que foi o maior barato.<\/p>\n<p>Lembre o coment\u00e1rio:<\/p>\n<p>Rabat.<br \/>\nQuero postar coment\u00e1rio acerca do SAMU. S\u00e1bado por volta das sete horas eu estava no Hospital Regional  quando o Samu comandado por Dr. \u00c1lvaro Sim\u00f5es chegou trazendo do Hospital Pai, uma crian\u00e7a do Col\u00e9gio S\u00e3o Jorge. Amigo. To boba! Que super atendimento de Dr. \u00c1lvaro, a dedica\u00e7\u00e3o e a responsabilidade do procedimento me deixaram estupefata, incr\u00edvel, mesmo n\u00e3o sendo obriga\u00e7\u00e3o dele realizar a reconstitui\u00e7\u00e3o das les\u00f5es no rosto da crian\u00e7a que eu soube l\u00e1, era v\u00edtima de acidente de ve\u00edculo, pela sua dedica\u00e7\u00e3o e  espontaneidade em realizar a cirurgia eu parabenizo ao Dr. \u00c1lvaro Sim\u00f5es e a equipe que o acompanhava. Simplesmente atendimento de primeira, humanidade e solidariedade foi o que vi naquele  dia. Demais!!!<br \/>\nAbra\u00e7os da amiga fiel.<br \/>\nMaria Oliveira<\/p>\n<p>O que n\u00e3o foi dito foi o seguinte. \u00c1lvaro come\u00e7ou os procedimentos e l\u00e1 pra tantas quando estava limpando o rosto da menina ele descobriu ser a filha de um colega de Eduardo, seu  irm\u00e3o ceplaqueano.  Isso \u00e9 para dizer que o \u2018atendimento\u2019 dele \u00e9 para o necessitado e n\u00e3o para quem \u00e9 o necessitado &#8230; <\/p>\n<p>Quando a menina dele ainda estava  entrado no gin\u00e1sio ele foi fazer um levantamento cadav\u00e9rico e l\u00e1 se foi a menina tamb\u00e9m de companhia.  Futuca daqui, mexe dali e a menina perguntou pra que &#8230; naquele dia come\u00e7ava  a nascer uma m\u00e9dica. Hoje, no terceiro ano de medicina, j\u00e1 faz piseiro em centro cir\u00fargico arrudiada de feras. Vem a\u00ed um bisturi de ouro.<\/p>\n<p>Combinamos uma pescaria e vamos passar um belo dia juntos como nos velhos tempos de tantos papos e reflex\u00f5es sobre os reais motivos da nossa passagem aqui pela terra. Percebi que ultimamente ele anda muito atento aos sinais que a vida (pra n\u00e3o dizer DEUS) vem dando e interpretando com significados l\u00f3gicos. <\/p>\n<p>Um excelente m\u00e9dico, um grande amigo e um ser humano de muita luz.<br \/>\n\u00c9 o cara pra voc\u00ea ter por perto porque com sua luminosidade ele transmite paz e nos mostra que vale a pena andar direito e ser fundamental trilhar o caminho da simplicidade.<\/p>\n<p>Alvaro, um grande beijo e que voc\u00ea continue nessa linha porque as \u201coutras\u201d s\u00e3o para os desprovidos de car\u00e1ter e personalidade. Voc\u00ea \u00e9 pra ser mostrado como um belo exemplo a ser seguido.<br \/>\nFique com <strong>DEUS<\/strong>.<\/p>\n<p>Seu amigo e f\u00e1,<br \/>\nRoberto Rabat Chame.<\/p>\n","protected":false},"excerpt":{"rendered":"<p>Existem certas figuras que quando encontramos o cora\u00e7\u00e3o fica saltitando de tanta felicidade. Hoje foi um desses dias. Quem apareceu aqui foi essa figura de bom cora\u00e7\u00e3o e amigo dos amigos. \u00c1lvaro Sim\u00f5es al\u00e9m de excelente m\u00e9dico, ser humano exemplar, desprovido de vaidades \u00e9 um dos raros que faz da medicina o seu sacerd\u00f3cio. Ele [&hellip;]<\/p>\n","protected":false},"author":2,"featured_media":0,"comment_status":"open","ping_status":"open","sticky":false,"template":"","format":"standard","meta":{"_links_to":"","_links_to_target":""},"categories":[28],"tags":[],"_links":{"self":[{"href":"https:\/\/www.r2cpress.com.br\/v1\/wp-json\/wp\/v2\/posts\/347"}],"collection":[{"href":"https:\/\/www.r2cpress.com.br\/v1\/wp-json\/wp\/v2\/posts"}],"about":[{"href":"https:\/\/www.r2cpress.com.br\/v1\/wp-json\/wp\/v2\/types\/post"}],"author":[{"embeddable":true,"href":"https:\/\/www.r2cpress.com.br\/v1\/wp-json\/wp\/v2\/users\/2"}],"replies":[{"embeddable":true,"href":"https:\/\/www.r2cpress.com.br\/v1\/wp-json\/wp\/v2\/comments?post=347"}],"version-history":[{"count":9,"href":"https:\/\/www.r2cpress.com.br\/v1\/wp-json\/wp\/v2\/posts\/347\/revisions"}],"predecessor-version":[{"id":358,"href":"https:\/\/www.r2cpress.com.br\/v1\/wp-json\/wp\/v2\/posts\/347\/revisions\/358"}],"wp:attachment":[{"href":"https:\/\/www.r2cpress.com.br\/v1\/wp-json\/wp\/v2\/media?parent=347"}],"wp:term":[{"taxonomy":"category","embeddable":true,"href":"https:\/\/www.r2cpress.com.br\/v1\/wp-json\/wp\/v2\/categories?post=347"},{"taxonomy":"post_tag","embeddable":true,"href":"https:\/\/www.r2cpress.com.br\/v1\/wp-json\/wp\/v2\/tags?post=347"}],"curies":[{"name":"wp","href":"https:\/\/api.w.org\/{rel}","templated":true}]}}