{"id":34740,"date":"2012-01-27T18:59:11","date_gmt":"2012-01-27T20:59:11","guid":{"rendered":"http:\/\/www.r2cpress.com.br\/v1\/?p=34740"},"modified":"2012-01-27T18:59:11","modified_gmt":"2012-01-27T20:59:11","slug":"indignacao-v-o-retorno-da-missao-iv","status":"publish","type":"post","link":"https:\/\/www.r2cpress.com.br\/v1\/2012\/01\/27\/indignacao-v-o-retorno-da-missao-iv\/","title":{"rendered":"INDIGNA\u00c7\u00c3O V \u2013 O RETORNO DA MISS\u00c3O IV."},"content":{"rendered":"<p>Concordo que seja institu\u00edda a taxa do lixo, e concordo que o cidad\u00e3o tenha o direito de fiscalizar e cobrar por servi\u00e7os que ele pague.<\/p>\n<p>Pena que o nosso Supremo, ap\u00f3s sua honor\u00e1veis decis\u00f5es \/ vota\u00e7\u00f5es, n\u00e3o se dignifique a exigir, em contra partida, que o cidad\u00e3o pague por servi\u00e7os de qualidade e que efetivamente sejam realizados.<\/p>\n<p>Na pr\u00e1tica pagamos, mas, n\u00e3o levamos, tal qual os servi\u00e7os de energia el\u00e9trica que vem na minha conta e n\u00e3o sou iluminado como contra partida; ou to mentindo \u2013 Ilh\u00e9us deve estar ofuscando os turistas \u2013 pago, caro, e n\u00e3o levo, vejam a c\u00f3pia ai em baixo.<\/p>\n<p>Notem bem que somente eu pago de Taxa ilumina\u00e7\u00e3o em m\u00e9dia = R$ 127,40 por m\u00eas para ficar na escurid\u00e3o.<\/p>\n<p>Pago tamb\u00e9m nesta mesma conta cuja c\u00f3pia segue junto = R$ 394,68 de impostos ICMS que ainda vou descobrir para que servem realmente.<\/p>\n<p>Pagamos, a popula\u00e7\u00e3o, pela ilumina\u00e7\u00e3o p\u00fablica milh\u00f5es de reais ano e apesar disso vivemos mergulhados na escurid\u00e3o e sem servi\u00e7os a contento; o dinheiro, n\u00e3o se sabe como, n\u00e3o d\u00e1 para a realiza\u00e7\u00e3o dos servi\u00e7os e, ainda de quebra, estamos sujeito aos assaltos em baixo de postes que deveriam nos iluminar. Somente o que eu pago por ano daria para pelo menos uma l\u00e2mpada por m\u00eas a ser colocada  em qualquer poste da cidade j\u00e1 que aqui na Rodovia Ilh\u00e9us \/ Oliven\u00e7a fico no escuro mesmo.<\/p>\n<p>Se formos pelo mesmo caminho, a taxa do lixo, ser\u00e1 apenas mais uma, entre tantas, a ser cobrada que apenas pagaremos, mas, n\u00e3o receberemos os servi\u00e7os; isso \u00e9 praxe no Brasil, n\u00e3o ser\u00e1 diferente em Ilh\u00e9us.<br \/>\n<center><a href=\"http:\/\/www.r2cpress.com.br\/v1\/wp-content\/uploads\/Conta-Leonardo.jpg\"><img loading=\"lazy\" src=\"http:\/\/www.r2cpress.com.br\/v1\/wp-content\/uploads\/Conta-Leonardo.jpg\" alt=\"\" title=\"Conta Leonardo\" width=\"500\" height=\"756\" class=\"aligncenter size-full wp-image-34741\" srcset=\"https:\/\/www.r2cpress.com.br\/v1\/wp-content\/uploads\/Conta-Leonardo.jpg 500w, https:\/\/www.r2cpress.com.br\/v1\/wp-content\/uploads\/Conta-Leonardo-198x300.jpg 198w\" sizes=\"(max-width: 500px) 100vw, 500px\" \/><\/a><\/center><\/p>\n<p><strong>&#8212;<br \/>\nLeonardo Garcia Diniz<\/strong><\/p>\n","protected":false},"excerpt":{"rendered":"<p>Concordo que seja institu\u00edda a taxa do lixo, e concordo que o cidad\u00e3o tenha o direito de fiscalizar e cobrar por servi\u00e7os que ele pague. Pena que o nosso Supremo, ap\u00f3s sua honor\u00e1veis decis\u00f5es \/ vota\u00e7\u00f5es, n\u00e3o se dignifique a exigir, em contra partida, que o cidad\u00e3o pague por servi\u00e7os de qualidade e que efetivamente [&hellip;]<\/p>\n","protected":false},"author":2,"featured_media":0,"comment_status":"open","ping_status":"open","sticky":false,"template":"","format":"standard","meta":{"_links_to":"","_links_to_target":""},"categories":[10],"tags":[],"_links":{"self":[{"href":"https:\/\/www.r2cpress.com.br\/v1\/wp-json\/wp\/v2\/posts\/34740"}],"collection":[{"href":"https:\/\/www.r2cpress.com.br\/v1\/wp-json\/wp\/v2\/posts"}],"about":[{"href":"https:\/\/www.r2cpress.com.br\/v1\/wp-json\/wp\/v2\/types\/post"}],"author":[{"embeddable":true,"href":"https:\/\/www.r2cpress.com.br\/v1\/wp-json\/wp\/v2\/users\/2"}],"replies":[{"embeddable":true,"href":"https:\/\/www.r2cpress.com.br\/v1\/wp-json\/wp\/v2\/comments?post=34740"}],"version-history":[{"count":2,"href":"https:\/\/www.r2cpress.com.br\/v1\/wp-json\/wp\/v2\/posts\/34740\/revisions"}],"predecessor-version":[{"id":34743,"href":"https:\/\/www.r2cpress.com.br\/v1\/wp-json\/wp\/v2\/posts\/34740\/revisions\/34743"}],"wp:attachment":[{"href":"https:\/\/www.r2cpress.com.br\/v1\/wp-json\/wp\/v2\/media?parent=34740"}],"wp:term":[{"taxonomy":"category","embeddable":true,"href":"https:\/\/www.r2cpress.com.br\/v1\/wp-json\/wp\/v2\/categories?post=34740"},{"taxonomy":"post_tag","embeddable":true,"href":"https:\/\/www.r2cpress.com.br\/v1\/wp-json\/wp\/v2\/tags?post=34740"}],"curies":[{"name":"wp","href":"https:\/\/api.w.org\/{rel}","templated":true}]}}