{"id":34756,"date":"2012-01-27T22:19:34","date_gmt":"2012-01-28T00:19:34","guid":{"rendered":"http:\/\/www.r2cpress.com.br\/v1\/?p=34756"},"modified":"2012-01-27T22:19:34","modified_gmt":"2012-01-28T00:19:34","slug":"praca-da-rua-do-cano","status":"publish","type":"post","link":"https:\/\/www.r2cpress.com.br\/v1\/2012\/01\/27\/praca-da-rua-do-cano\/","title":{"rendered":"PRA\u00c7A DA RUA DO CANO"},"content":{"rendered":"<p>Ol\u00e1, Rabat<br \/>\nBoa noite.<\/p>\n<p>Esta \u00e9 a pra\u00e7a da rua do Cano. Mesmo n\u00e3o parecendo mas \u00e9 a nossa pracinha.<br \/>\n<center><a href=\"http:\/\/www.r2cpress.com.br\/v1\/wp-content\/uploads\/MONT-RUA-DO-CANO-PRA\u00c7A.jpg\"><img loading=\"lazy\" src=\"http:\/\/www.r2cpress.com.br\/v1\/wp-content\/uploads\/MONT-RUA-DO-CANO-PRA\u00c7A.jpg\" alt=\"\" title=\"MONT RUA DO CANO PRA\u00c7A\" width=\"500\" height=\"560\" class=\"aligncenter size-full wp-image-34757\" srcset=\"https:\/\/www.r2cpress.com.br\/v1\/wp-content\/uploads\/MONT-RUA-DO-CANO-PRA\u00c7A.jpg 500w, https:\/\/www.r2cpress.com.br\/v1\/wp-content\/uploads\/MONT-RUA-DO-CANO-PRA\u00c7A-267x300.jpg 267w\" sizes=\"(max-width: 500px) 100vw, 500px\" \/><\/a><\/center><br \/>\nJ\u00e1 foram v\u00e1rias solicita\u00e7\u00f5es para cuidarem melhor dela e at\u00e9 hoje nada. L\u00e2mpadas nos postes queimadas, lixo pra todo lado, \u00e1rvores cortadas e os troncos pelo ch\u00e3o e assim vamos dividindo o espa\u00e7o com o lixo e todoas as coisas ruins que mostramos nas fotos.<br \/>\nO melhor dessa hist\u00f3ria toda e que sempre passava por aqui um militante que assegurava: &#8220;Quando o PT assumir a prefeitura voc\u00eas v\u00e3o ver o que \u00e9 administra\u00e7\u00e3o&#8221;.<br \/>\nCom rela\u00e7\u00e3o a essa certeza dele prefiro n\u00e3o comentar.<br \/>\nObrigado.<br \/>\nJ.O. (D).<\/p>\n","protected":false},"excerpt":{"rendered":"<p>Ol\u00e1, Rabat Boa noite. Esta \u00e9 a pra\u00e7a da rua do Cano. Mesmo n\u00e3o parecendo mas \u00e9 a nossa pracinha. J\u00e1 foram v\u00e1rias solicita\u00e7\u00f5es para cuidarem melhor dela e at\u00e9 hoje nada. L\u00e2mpadas nos postes queimadas, lixo pra todo lado, \u00e1rvores cortadas e os troncos pelo ch\u00e3o e assim vamos dividindo o espa\u00e7o com o [&hellip;]<\/p>\n","protected":false},"author":2,"featured_media":0,"comment_status":"open","ping_status":"open","sticky":false,"template":"","format":"standard","meta":{"_links_to":"","_links_to_target":""},"categories":[10],"tags":[],"_links":{"self":[{"href":"https:\/\/www.r2cpress.com.br\/v1\/wp-json\/wp\/v2\/posts\/34756"}],"collection":[{"href":"https:\/\/www.r2cpress.com.br\/v1\/wp-json\/wp\/v2\/posts"}],"about":[{"href":"https:\/\/www.r2cpress.com.br\/v1\/wp-json\/wp\/v2\/types\/post"}],"author":[{"embeddable":true,"href":"https:\/\/www.r2cpress.com.br\/v1\/wp-json\/wp\/v2\/users\/2"}],"replies":[{"embeddable":true,"href":"https:\/\/www.r2cpress.com.br\/v1\/wp-json\/wp\/v2\/comments?post=34756"}],"version-history":[{"count":2,"href":"https:\/\/www.r2cpress.com.br\/v1\/wp-json\/wp\/v2\/posts\/34756\/revisions"}],"predecessor-version":[{"id":34759,"href":"https:\/\/www.r2cpress.com.br\/v1\/wp-json\/wp\/v2\/posts\/34756\/revisions\/34759"}],"wp:attachment":[{"href":"https:\/\/www.r2cpress.com.br\/v1\/wp-json\/wp\/v2\/media?parent=34756"}],"wp:term":[{"taxonomy":"category","embeddable":true,"href":"https:\/\/www.r2cpress.com.br\/v1\/wp-json\/wp\/v2\/categories?post=34756"},{"taxonomy":"post_tag","embeddable":true,"href":"https:\/\/www.r2cpress.com.br\/v1\/wp-json\/wp\/v2\/tags?post=34756"}],"curies":[{"name":"wp","href":"https:\/\/api.w.org\/{rel}","templated":true}]}}