{"id":34769,"date":"2012-01-28T10:22:49","date_gmt":"2012-01-28T12:22:49","guid":{"rendered":"http:\/\/www.r2cpress.com.br\/v1\/?p=34769"},"modified":"2012-01-28T10:22:49","modified_gmt":"2012-01-28T12:22:49","slug":"o-mundo-do-faz-de-conta","status":"publish","type":"post","link":"https:\/\/www.r2cpress.com.br\/v1\/2012\/01\/28\/o-mundo-do-faz-de-conta\/","title":{"rendered":"O MUNDO DO FAZ DE CONTA"},"content":{"rendered":"<p><img loading=\"lazy\" alt=\"\" src=\"http:\/\/www.r2cpress.com.br\/v1\/wp-content\/uploads\/eduardo-afondo-cortado_150.jpg\" class=\"alignleft\" width=\"150\" height=\"154\" \/>O mundo em que vivemos realmente \u00e9 uma terra do \u201cfaz de conta\u201d! Faz de conta que temos muitas escolas bem elaboradas, tem merenda escolar para todos os alunos e est\u00e3o obtendo um aprendizado de primeira qualidade; faz de conta que a nossa cidade tem o menor \u00edndice de desemprego no Brasil e n\u00e3o existe ningu\u00e9m pelas ruas sem fazer nada, uns usando drogas, outros passando fome e com frio debaixo das marquises p\u00fablicas; faz de conta que os nossos representantes pol\u00edticos s\u00e3o fortemente organizados em administra\u00e7\u00e3o e possuem ilibados exemplos de honestidade em todo nosso Estado; faz de conta que os hospitais e casas de sa\u00fade, n\u00e3o est\u00e3o fechando, como a Maternidade Santa Isabel, o hospital S\u00e3o Jos\u00e9 n\u00e3o est\u00e1 passando por s\u00e9rias dificuldades e outro que deixamos de declinar o nome, mas que, pode n\u00e3o fechar as suas portas a qualquer momento, tamb\u00e9m por crises financeiras e desencontros de ideias dos planos de sa\u00fade que insistem numa falta de uni\u00e3o, esquecendo quem levar\u00e1 desvantagem \u00e9 a popula\u00e7\u00e3o da nossa cidade; faz de conta que tudo em nossa cidade e em todo o Estado da Bahia est\u00e1 maravilhoso, principalmente, as estradas e a seguran\u00e7a p\u00fablica; faz de conta que pacientes quando procuram atendimento m\u00e9dico s\u00e3o bem tratados e nunca ficam esperando horas e horas nas filas do SUS e dos hospitais com atividades \u00e0s vezes prec\u00e1rias dos servi\u00e7os emergenciais, e mesmo assim, at\u00e9 pessoas que representam o poder p\u00fablico tamb\u00e9m n\u00e3o morem como indigentes; faz de conta que tudo isso n\u00e3o \u00e9 porque somente o dinheiro, o cheque de fian\u00e7a para cau\u00e7\u00e3o \u00e9 muito mais urgente, porque esse ou aquele plano de sa\u00fade naquele hospital \u00e9 aceito; faz de conta que n\u00e3o \u00e9 assim que acontece quando as pessoas necessitam de cuidados m\u00e9dicos aqui no Brasil, pois a Lei existe e funciona, sempre \u00e9 cumprida respeitando \u00e0 Constitui\u00e7\u00e3o Brasileira.<br \/>\n\u00c9 isso que os nossos representantes querem que a gente pense? Ent\u00e3o faz de conta que eles est\u00e3o muit\u00edssimo preocupados com a popula\u00e7\u00e3o brasileira, n\u00e3o existem tantos desmandos, v\u00e3o resolver todos esses inusitados estados de coisas ruins, s\u00e3o amigos do seu povo, adoram v\u00ea-los satisfeitos na comunidade em que residem e essas chamadas autoridades promotoras de tudo isso, s\u00e3o homens honestos e trabalhadores! <\/p>\n<p><!--more--><\/p>\n<p>A popula\u00e7\u00e3o dos nossos Munic\u00edpios bahianos precisa acordar desse tr\u00e1gico sono cheio de inercia e viver a plenitude da sua coragem de defender sua Terra e obrigar aos algozes que est\u00e3o destruindo-a, e obrig\u00e1-los a desocupar esse espa\u00e7o demolidor criado por eles. H\u00e1 muitos anos a nossa popula\u00e7\u00e3o n\u00e3o ouve ou ver a prefeitura anunciar alguma obra de grande vulto conclu\u00edda com recursos pr\u00f3prios. S\u00e3o cobrados impostos e n\u00e3o observamos a transpar\u00eancia na informa\u00e7\u00e3o aonde foram investidos. E os prejudicados somos n\u00f3s mesmos, porque a maioria dos nossos pol\u00edticos, principalmente, os vereadores nem sempre est\u00e3o preocupados com o bem-estar social, querem apenas o poder de aparecer nas colunas sociais, se locupletarem, agindo como os mocinhos da corte, sem nenhum prop\u00f3sito de ver nossa cidade com dinamismo e prosperidade. Os mun\u00edcipes t\u00eam a obriga\u00e7\u00e3o de conhecer o Artigo 31 da Constitui\u00e7\u00e3o Brasileira que disp\u00f5e sobre a fiscaliza\u00e7\u00e3o do munic\u00edpio a ser exercida pela C\u00e2mara Municipal da forma da Lei. O que existe \u00e9 uma omiss\u00e3o de responsabilidade deixando que a desordenada farra com er\u00e1rio p\u00fablico provoque desajustes or\u00e7ament\u00e1rios e nada vai acontecer que traga a for\u00e7a do trabalho com servi\u00e7os de obras e programas sociais em benef\u00edcio da popula\u00e7\u00e3o.<\/p>\n<p>Ent\u00e3o faz de conta que em nossa cidade quem administra e manda \u00e9 o poder executivo; faz de conta que existem v\u00e1rias secretarias bem organizada; faz de conta que as secretarias t\u00eam v\u00e1rios prepostos devidamente remunerados para executarem os servi\u00e7os b\u00e1sicos e necess\u00e1rios para que a sua comunidade e associa\u00e7\u00f5es de classes se sintam bem; faz de conta que em todo per\u00edmetro urbano, bairros e distritos est\u00e3o sempre recebendo todas as assist\u00eancias necess\u00e1rias para o seu desenvolvimento; faz de conta que na cidade, nos bairros e distritos existe pleno atendimento m\u00e9dico ambulatorial e nos postos \u00e9 encontrada grande quantidade rem\u00e9dios gratuitamente oferecidos pelo governo; faz de conta que tudo que foi escrito \u00e9 uma eterna quimera transformada em met\u00e1fora, coisas escritas apenas para chamar a aten\u00e7\u00e3o das pessoas de bem que ainda residem e querem ver tudo aqui na mais perfeita ordem. Finalmente faz de conta que a popula\u00e7\u00e3o ilheense n\u00e3o existe e n\u00e3o existindo, eles \u00e9 que est\u00e3o certos.<\/p>\n<p>Se o mundo fosse uma brincadeira de faz-de-conta far\u00edamos de conta que tudo que acontece em toda a nossa Na\u00e7\u00e3o Brasileira \u00e9 sempre bonito! Todos t\u00eam que admitir que sempre sejamos enganados. Assim vamos fazendo de conta que est\u00e1 tudo bem. E chega um dia onde n\u00e3o encontramos mais sa\u00edda. E a gente se aborrece e vai ficar sentindo que estamos perdidos mesmo quando queremos fazer de conta que n\u00e3o. Entretanto, apesar de muitas proibi\u00e7\u00f5es e Leis que os homens s\u00e3o obrigados a cumprir, ainda temos a liberdade de escolha. Somos n\u00f3s quem escolheu os nossos representantes nas comunidades e associa\u00e7\u00f5es, por exemplo, e com os pol\u00edticos jamais foi diferente. Somos adultos e donos da nossa vida, das nossas vontades, embora intimamente sintamos a necessidade de pedir que algu\u00e9m decida por n\u00f3s para nos livrar do peso da responsabilidade da escolha. \u00c9 preciso enfrentar a realidade, mesmo que doa; \u00e9 preciso ter a coragem de tomar uma decis\u00e3o e fazer escolhas, mesmo se daqui a muitos anos percebamos que nos enganamos de caminhos num erro de percurso!<\/p>\n<p>Todos precisam ser fortes e assumirem a m\u00e1scara do faz-de-conta e viverem de cara lavadas, mesmo se no momento n\u00e3o for o melhor que possamos apresentar ao mundo. Com o tempo haveremos de aprender que tudo fica mais f\u00e1cil, buscando um al\u00edvio e assumindo todos nossos atos de insensatez e a falta de possuir um poder cr\u00edtico sobre n\u00f3s mesmos. N\u00e3o se pergunte o que vai fazer depois: aprenda com seus erros e d\u00ea o melhor de si. D\u00ea a voc\u00ea mesmo uma chance de ser feliz, porque ningu\u00e9m vai fazer isso por voc\u00ea!  Aprenda a gostar de si pr\u00f3prio, e se voc\u00ea n\u00e3o gostar do que \u00e9, sentir\u00e1 muita falta quando for enfrentar as tarefas do seu dia a dia para buscar de volta o seu ideal tragicamente perdido com passar do tempo. Ju\u00edzo meus amigos ilheenses brasileiros. Nunca deixe de exercitar a busca dos seus padr\u00f5es ideol\u00f3gicos, voc\u00ea faz parte de tudo que se passa no mundo e merece ser feliz, basta gostar de si pr\u00f3prio, da sua fam\u00edlia, do seu trabalho, da sua honra e a sua comunidade o respeitar\u00e1 somente ao v\u00ea-lo sorrindo em paz com a sua pr\u00f3pria consci\u00eancia.<\/p>\n<p>&#8212;<br \/>\nEduardo Afonso<\/p>\n","protected":false},"excerpt":{"rendered":"<p>O mundo em que vivemos realmente \u00e9 uma terra do \u201cfaz de conta\u201d! Faz de conta que temos muitas escolas bem elaboradas, tem merenda escolar para todos os alunos e est\u00e3o obtendo um aprendizado de primeira qualidade; faz de conta que a nossa cidade tem o menor \u00edndice de desemprego no Brasil e n\u00e3o existe [&hellip;]<\/p>\n","protected":false},"author":2,"featured_media":0,"comment_status":"open","ping_status":"open","sticky":false,"template":"","format":"standard","meta":{"_links_to":"","_links_to_target":""},"categories":[10],"tags":[],"_links":{"self":[{"href":"https:\/\/www.r2cpress.com.br\/v1\/wp-json\/wp\/v2\/posts\/34769"}],"collection":[{"href":"https:\/\/www.r2cpress.com.br\/v1\/wp-json\/wp\/v2\/posts"}],"about":[{"href":"https:\/\/www.r2cpress.com.br\/v1\/wp-json\/wp\/v2\/types\/post"}],"author":[{"embeddable":true,"href":"https:\/\/www.r2cpress.com.br\/v1\/wp-json\/wp\/v2\/users\/2"}],"replies":[{"embeddable":true,"href":"https:\/\/www.r2cpress.com.br\/v1\/wp-json\/wp\/v2\/comments?post=34769"}],"version-history":[{"count":4,"href":"https:\/\/www.r2cpress.com.br\/v1\/wp-json\/wp\/v2\/posts\/34769\/revisions"}],"predecessor-version":[{"id":34773,"href":"https:\/\/www.r2cpress.com.br\/v1\/wp-json\/wp\/v2\/posts\/34769\/revisions\/34773"}],"wp:attachment":[{"href":"https:\/\/www.r2cpress.com.br\/v1\/wp-json\/wp\/v2\/media?parent=34769"}],"wp:term":[{"taxonomy":"category","embeddable":true,"href":"https:\/\/www.r2cpress.com.br\/v1\/wp-json\/wp\/v2\/categories?post=34769"},{"taxonomy":"post_tag","embeddable":true,"href":"https:\/\/www.r2cpress.com.br\/v1\/wp-json\/wp\/v2\/tags?post=34769"}],"curies":[{"name":"wp","href":"https:\/\/api.w.org\/{rel}","templated":true}]}}