{"id":34807,"date":"2012-01-28T19:13:09","date_gmt":"2012-01-28T21:13:09","guid":{"rendered":"http:\/\/www.r2cpress.com.br\/v1\/?p=34807"},"modified":"2012-01-28T19:13:09","modified_gmt":"2012-01-28T21:13:09","slug":"avenida-soares-lopes-vira-camelodromo-no-dia-de-ivete","status":"publish","type":"post","link":"https:\/\/www.r2cpress.com.br\/v1\/2012\/01\/28\/avenida-soares-lopes-vira-camelodromo-no-dia-de-ivete\/","title":{"rendered":"Avenida Soares Lopes vira camel\u00f3dromo no dia de Ivete"},"content":{"rendered":"<p>Caro Roberto Rabat:<\/p>\n<p>Envio em anexo fotos mostrando como os ambulantes tomaram conta da avenida Soares Lopes hoje. Uma bagun\u00e7a, organiza\u00e7\u00e3o desordenada. N\u00e3o \u00e9 poss\u00edvel que ainda ontem a prefeitura estava pintando faixas divis\u00f3rias de vagas para estacionamento.<br \/>\n<center><a href=\"http:\/\/www.r2cpress.com.br\/v1\/wp-content\/uploads\/MONT-CAPA-SITE_04F1.jpg\"><img loading=\"lazy\" src=\"http:\/\/www.r2cpress.com.br\/v1\/wp-content\/uploads\/MONT-CAPA-SITE_04F1.jpg\" alt=\"\" title=\"MONT CAPA SITE_04F\" width=\"550\" height=\"412\" class=\"aligncenter size-full wp-image-34809\" srcset=\"https:\/\/www.r2cpress.com.br\/v1\/wp-content\/uploads\/MONT-CAPA-SITE_04F1.jpg 550w, https:\/\/www.r2cpress.com.br\/v1\/wp-content\/uploads\/MONT-CAPA-SITE_04F1-300x224.jpg 300w\" sizes=\"(max-width: 550px) 100vw, 550px\" \/><\/a><\/center><br \/>\nAgora, do jeito que est\u00e1 onde \u00e9 que as pessoas v\u00e3o poder estacionar? Veja as fotos e responda. Cad\u00ea a Secretaria de Tr\u00e2nsito para impedir isso? Uma vergonha para Ilh\u00e9us! Uma desordem institucionalizada! Que imagem vamos transmitir aos visitantes de nossa cidade? Lastim\u00e1vel!!! Isso sem falar dos moradores que se encontram impedidos de guardar seus ve\u00edculos nas pr\u00f3prias garagens!!!<\/p>\n<p>Atenciosamente,<\/p>\n<p>Barbara Bastos<br \/>\nJornalista Profissional<\/p>\n","protected":false},"excerpt":{"rendered":"<p>Caro Roberto Rabat: Envio em anexo fotos mostrando como os ambulantes tomaram conta da avenida Soares Lopes hoje. Uma bagun\u00e7a, organiza\u00e7\u00e3o desordenada. N\u00e3o \u00e9 poss\u00edvel que ainda ontem a prefeitura estava pintando faixas divis\u00f3rias de vagas para estacionamento. Agora, do jeito que est\u00e1 onde \u00e9 que as pessoas v\u00e3o poder estacionar? Veja as fotos e [&hellip;]<\/p>\n","protected":false},"author":2,"featured_media":0,"comment_status":"open","ping_status":"open","sticky":false,"template":"","format":"standard","meta":{"_links_to":"","_links_to_target":""},"categories":[10],"tags":[],"_links":{"self":[{"href":"https:\/\/www.r2cpress.com.br\/v1\/wp-json\/wp\/v2\/posts\/34807"}],"collection":[{"href":"https:\/\/www.r2cpress.com.br\/v1\/wp-json\/wp\/v2\/posts"}],"about":[{"href":"https:\/\/www.r2cpress.com.br\/v1\/wp-json\/wp\/v2\/types\/post"}],"author":[{"embeddable":true,"href":"https:\/\/www.r2cpress.com.br\/v1\/wp-json\/wp\/v2\/users\/2"}],"replies":[{"embeddable":true,"href":"https:\/\/www.r2cpress.com.br\/v1\/wp-json\/wp\/v2\/comments?post=34807"}],"version-history":[{"count":2,"href":"https:\/\/www.r2cpress.com.br\/v1\/wp-json\/wp\/v2\/posts\/34807\/revisions"}],"predecessor-version":[{"id":34811,"href":"https:\/\/www.r2cpress.com.br\/v1\/wp-json\/wp\/v2\/posts\/34807\/revisions\/34811"}],"wp:attachment":[{"href":"https:\/\/www.r2cpress.com.br\/v1\/wp-json\/wp\/v2\/media?parent=34807"}],"wp:term":[{"taxonomy":"category","embeddable":true,"href":"https:\/\/www.r2cpress.com.br\/v1\/wp-json\/wp\/v2\/categories?post=34807"},{"taxonomy":"post_tag","embeddable":true,"href":"https:\/\/www.r2cpress.com.br\/v1\/wp-json\/wp\/v2\/tags?post=34807"}],"curies":[{"name":"wp","href":"https:\/\/api.w.org\/{rel}","templated":true}]}}