{"id":34812,"date":"2012-01-28T19:38:48","date_gmt":"2012-01-28T21:38:48","guid":{"rendered":"http:\/\/www.r2cpress.com.br\/v1\/?p=34812"},"modified":"2012-01-28T19:38:48","modified_gmt":"2012-01-28T21:38:48","slug":"convite-para-a-2-reuniao-nacional-do-partido-dos-servidores-publicos","status":"publish","type":"post","link":"https:\/\/www.r2cpress.com.br\/v1\/2012\/01\/28\/convite-para-a-2-reuniao-nacional-do-partido-dos-servidores-publicos\/","title":{"rendered":"Convite para a 2\u00b0 Reuni\u00e3o Nacional do Partido dos Servidores P\u00fablicos."},"content":{"rendered":"<p><span style=\"font-size: medium;\">DIRET\u00d3RIO ESTADUAL DA BAHIA \u2013 BA<\/span><span style=\"font-size: medium;\"><\/p>\n<p><\/span><span style=\"font-size: medium;\">Convidamos Vossa Senhoria para participar da 2\u00b0Reuni\u00e3o Nacional do PSPB, No dia 04 DE FEVEREIRO, das 09:00\u00a0 as 13:00 hs na Estrada Intendente Magalh\u00e3es n\u00ba287 &#8211; Bairro:\u00a0 Campinho &#8211; RJ, Churrascaria e pizzaria GR, RIO DE JANEIRO, onde iremos discutir a forma\u00e7\u00e3o do nosso partido. N\u00e3o falte, sua presen\u00e7a \u00e9 fundamental para o crescimento do PSPB NO BRASIL.<\/span><span style=\"font-size: medium;\"><br \/>\n<\/span><span style=\"font-size: medium;\"><br \/>\n<\/span><span style=\"font-size: medium;\"> Atenciosamente.<\/span><span style=\"font-size: medium;\"><br \/>\n<\/span><span style=\"font-size: large;\"><strong><span><br \/>\nMarco Aur\u00e9lio Moreira<\/span><\/strong><\/span><span style=\"font-size: small;\"><br \/>\n<\/span><span style=\"color: #548dd4; font-family: Arial; font-size: small;\">Presidente Estadual do <\/span><span style=\"color: #548dd4; font-family: Arial; font-size: small;\">Partido dos Servidores Publicos e dos Trabalhadores da Iniciativa Privada do Brasil<\/span><span style=\"color: #548dd4; font-family: Arial; font-size: small;\"><br \/>\n<\/span><span style=\"color: #548dd4; font-family: Arial; font-size: small;\">Email: <a href=\"mailto:pspbbahia@hotmail.com\" target=\"_blank\">pspbbahia@hotmail.com<\/a><\/span><span style=\"color: #548dd4; font-family: Arial; font-size: small;\"><br \/>\n<\/span><span style=\"color: #548dd4; font-family: Arial; font-size: small;\">Blog: <a href=\"http:\/\/www.pspbbahia.blogspot.com\/\" target=\"_blank\">www.pspbbahia.blogspot.com<\/a><\/span><span style=\"color: #548dd4; font-family: Arial; font-size: small;\"><br \/>\n<\/span><span style=\"color: #548dd4; font-family: Arial; font-size: small;\">Ilh\u00e9us Ba<\/span><span style=\"color: #548dd4; font-family: Arial; font-size: small;\"><br \/>\n<\/span><span style=\"color: #548dd4; font-family: Arial; font-size: small;\">73 8835-1590\/9132-1590\/8124-2220\/<wbr>9907<\/wbr><\/span><span style=\"color: #548dd4; font-family: Arial; font-size: small;\">-7385<\/span><\/p>\n","protected":false},"excerpt":{"rendered":"<p>DIRET\u00d3RIO ESTADUAL DA BAHIA \u2013 BA Convidamos Vossa Senhoria para participar da 2\u00b0Reuni\u00e3o Nacional do PSPB, No dia 04 DE FEVEREIRO, das 09:00\u00a0 as 13:00 hs na Estrada Intendente Magalh\u00e3es n\u00ba287 &#8211; Bairro:\u00a0 Campinho &#8211; RJ, Churrascaria e pizzaria GR, RIO DE JANEIRO, onde iremos discutir a forma\u00e7\u00e3o do nosso partido. N\u00e3o falte, sua presen\u00e7a [&hellip;]<\/p>\n","protected":false},"author":2,"featured_media":0,"comment_status":"open","ping_status":"open","sticky":false,"template":"","format":"standard","meta":{"_links_to":"","_links_to_target":""},"categories":[22],"tags":[],"_links":{"self":[{"href":"https:\/\/www.r2cpress.com.br\/v1\/wp-json\/wp\/v2\/posts\/34812"}],"collection":[{"href":"https:\/\/www.r2cpress.com.br\/v1\/wp-json\/wp\/v2\/posts"}],"about":[{"href":"https:\/\/www.r2cpress.com.br\/v1\/wp-json\/wp\/v2\/types\/post"}],"author":[{"embeddable":true,"href":"https:\/\/www.r2cpress.com.br\/v1\/wp-json\/wp\/v2\/users\/2"}],"replies":[{"embeddable":true,"href":"https:\/\/www.r2cpress.com.br\/v1\/wp-json\/wp\/v2\/comments?post=34812"}],"version-history":[{"count":3,"href":"https:\/\/www.r2cpress.com.br\/v1\/wp-json\/wp\/v2\/posts\/34812\/revisions"}],"predecessor-version":[{"id":34815,"href":"https:\/\/www.r2cpress.com.br\/v1\/wp-json\/wp\/v2\/posts\/34812\/revisions\/34815"}],"wp:attachment":[{"href":"https:\/\/www.r2cpress.com.br\/v1\/wp-json\/wp\/v2\/media?parent=34812"}],"wp:term":[{"taxonomy":"category","embeddable":true,"href":"https:\/\/www.r2cpress.com.br\/v1\/wp-json\/wp\/v2\/categories?post=34812"},{"taxonomy":"post_tag","embeddable":true,"href":"https:\/\/www.r2cpress.com.br\/v1\/wp-json\/wp\/v2\/tags?post=34812"}],"curies":[{"name":"wp","href":"https:\/\/api.w.org\/{rel}","templated":true}]}}