{"id":34896,"date":"2012-01-29T22:57:21","date_gmt":"2012-01-30T00:57:21","guid":{"rendered":"http:\/\/www.r2cpress.com.br\/v1\/?p=34896"},"modified":"2012-01-29T23:20:42","modified_gmt":"2012-01-30T01:20:42","slug":"a-discussao-leva-a-tudo","status":"publish","type":"post","link":"https:\/\/www.r2cpress.com.br\/v1\/2012\/01\/29\/a-discussao-leva-a-tudo\/","title":{"rendered":"A DISCUSS\u00c3O LEVA A TUDO!"},"content":{"rendered":"<p>De: Leonardo Garcia Diniz <terrasdosemfim @uol.com.br><br \/>\nAssunto: A DISCUSS\u00c3O LEVA A TUDO!<\/p>\n<p>Corpo da mensagem:<br \/>\nSenhor &#8211; Jos\u00e9 Carlos Junior,<\/p>\n<p>Sou seu leitor, admirador, e em muitas ocasi\u00f5es, grande maioria, concordo com seus artigos e c\u00e1 do meu cantinho o aplaudo; mas, como agora, neste <a href = \"http:\/\/www.r2cpress.com.br\/v1\/2012\/01\/29\/a-discussao-que-nao-leva-a-nada\/\" target = \"_news\"><b>artigo\/assunto<\/b><\/a>, em particular, discordo de voc\u00ea em todos os sentidos eu quero me pronunciar.<\/p>\n<p>Primeiro, discordo do seu posicionamento, bombeiro, porque voc\u00ea n\u00e3o vive nem sente na carne, tamb\u00e9m, n\u00e3o percebe o dilema de quem trabalha, cotidianamente, com os problemas vividos pelo turismo Ilheense. N\u00e3o labuta, nem mesmo, com coisas correlatas e adjut\u00f3rias \/ coadjuvantes para o funcionamento do trade deste abandonado setor de servi\u00e7os; voc\u00ea n\u00e3o convive com o turista, suficientemente, para saber com exatid\u00e3o de suas necessidades, muito menos, desilus\u00f5es &#8211; voc\u00ea meu caro, se muito, \u00e9 turista em outras terras.<\/p>\n<p>Segundo, porque, por outro lado, o SR. n\u00e3o faz parte do governo e muito menos sabe ou entende do que se passa na Administra\u00e7\u00e3o de uma Secretaria de Turismo de Ilh\u00e9us tocada pelo Sr. Paulo Moreira; e, al\u00e9m, muito menos sabe de como o Sr. Paulo Moreira a vem tocando; sabe, menos ainda, das atitudes extras suas fun\u00e7\u00f5es tomadas contra um trade que ele deveria defender de unhas e dentes, afinal seu cargo existe t\u00e3o somente por nossa causa; muitas das vezes o cargo \u00e9 preenchido por indica\u00e7\u00e3o apoiada  por n\u00f3s, como \u00e9 o caso.<\/p>\n<p>O Estado da Bahia, seja l\u00e1 por que motivos forem, n\u00e3o tem o direito de ignorar a cidade de Ilh\u00e9us e isso meu amigo Z\u00e9 Carlos, pode at\u00e9 n\u00e3o ser para voc\u00ea, mas para o Trade \u00e9 imperdo\u00e1vel. O trade tem dinheiro demais investido nesta terra para ser ignorado seja l\u00e1 por quem for, pelo Estado da Bahia ou por sua pr\u00f3pria Secretaria de Turismo Local, j\u00e1 que a secretaria se permite dizer ser respons\u00e1vel pelo setor.<\/p>\n<p>Ilh\u00e9us, voc\u00ea sabe disso, por sua hist\u00f3ria e por tudo que j\u00e1 fez pelo seu Estado M\u00e3e, por Jorge Amado que rec\u00e9m far\u00e1 seu centen\u00e1rio, n\u00e3o deveria ser esquecida da forma que foi, nem por erro de datilografia ou por erro de imprensa, isso n\u00e3o se admite.<\/p>\n<p>Ao se indignar diante do fato, o trade tur\u00edstico, atrav\u00e9s de seu Presidente, pressionado que foi para tanto, Ricardo Miyazato, fez uma correspond\u00eancia, aberta, de desafronta, onde, reclamava e cobrava providencias para a, devida e imediata, repara\u00e7\u00e3o do erro. Na oportunidade cobrou-se, concomitantemente, assunto que diz respeito, tamb\u00e9m, a secretaria de turismo, sobre a quantidade de lixo espalhada pela cidade. Ora!,&#8230; esper\u00e1vamos que a nossa Secretaria de Turismo, via seu secret\u00e1rio, ao ser alertado para o problema, entrasse no circuito, acesso lhe \u00e9 permitido, para tal, junto aos \u00f3rg\u00e3o p\u00fablicos do Estado, e procedesse de imediato a corre\u00e7\u00e3o. Ponto final!<\/p>\n<p><!--more--><\/p>\n<p>Qual n\u00e3o foi a surpresa do Trade, que esperava, unicamente, a rea\u00e7\u00e3o da sua representante, Secretaria de Turismo, ante o Estado da Bahia para que se corrigisse o erro e se anotasse o nome de Ilh\u00e9us no lugar de destaque merecido, quando, recebemos uma correspond\u00eancia truculenta, grosseira, desprovida de raz\u00f5es e, por cima amea\u00e7adora, tanto ao trade, a Associa\u00e7\u00e3o de Turismo, quanto em particular ao Presidente da Associa\u00e7\u00e3o de Turismo Sr. Ricardo.<\/p>\n<p>A obriga\u00e7\u00e3o de um secret\u00e1rio de Turismo que se respeita e respeita a sua cidade n\u00e3o \u00e9 a de fomentar disc\u00f3rdias, discuss\u00f5es, acusa\u00e7\u00f5es e, muito menos, a de amea\u00e7ar empres\u00e1rios e suas empresas. Ao amea\u00e7ar o Ricardo, enquanto presidente da ATIL ele amea\u00e7ou a n\u00f3s todos, ao amea\u00e7ar o Ricardo citando o Hotel dele, particularmente, ele amea\u00e7ou todo os neg\u00f3cios empreendidos em Ilh\u00e9us e que s\u00e3o representados pela ATIL.<\/p>\n<p>O Fato aqui Sr. Z\u00e9 Carlos n\u00e3o \u00e9 de picuinhas e ou de brigas escolares, aqui se tenta dar cor a uma cidade que tem pretens\u00f5es em se firmar economicamente no turismo; a seriedade deve ser imposta na medida dos investimentos realizados pelo setor e que rodam, quase sozinhos, a economia da cidade durante v\u00e1rios meses por ano. Os investimentos em constru\u00e7\u00f5es e no fomento de gera\u00e7\u00e3o de m\u00e3o de obra e renda s\u00e3o muito fortes\/altos para o Sr. Paulo Moreira se achar no direito de fazer o que fez e muito menos de quem quer que seja fazer piadinhas e amea\u00e7as sem abalizar de forma profunda e s\u00e9ria os problemas do setor. Aqui se trabalha s\u00e9rio e dignamente; n\u00e3o \u00e9 por brincadeira que estamos aqui e nem lidamos com nossos neg\u00f3cios da forma que se lidam com as nossas institui\u00e7\u00f5es p\u00fablicas.<\/p>\n<p>Agrade\u00e7o sua aten\u00e7\u00e3o, sua tentativa de passar panos quentes, mas se  tiv\u00e9ssemos um Prefeito que realmente se importasse com a unidade do trade tur\u00edstico, que se importasse com o nome que Ilh\u00e9us construiu desde sua funda\u00e7\u00e3o como capitania, este Secret\u00e1rio de Turismo j\u00e1 tinha sido exonerado at\u00e9 mesmo como exemplo as outras cidades e ao Estado da Bahia que se n\u00e3o \u00e9 o primeiro \u00e9 o segundo maior p\u00f3lo Tur\u00edstico do Brasil.<\/p>\n<p>Ademais, uma Secretaria de Turismo numa cidade voltada economicamente para este setor deveria ter sim prioridades sobre as demais secretarias a fim de poder cobrar ilumina\u00e7\u00e3o Publica, limpeza p\u00fablica, Transporte publico, e, pra n\u00e3o espichar mais, cobrar por tudo; o Sr. Paulo Moreira n\u00e3o consegue, pelo visto e sentido, comandar nem mesmo suas emo\u00e7\u00f5es quanto mais sua Secretaria. Uma pena!,&#8230; visto n\u00e3o ser a primeira vez, mas temos certeza ser\u00e1 a ultima.<\/p>\n<p>Agradecemos suas impress\u00f5es, mas, precisamos que nossas verdades sejam de vez esclarecidas, tanto para o senhor, como para a sociedade que nos l\u00ea e qui\u00e7\u00e1 para o prefeito que poder\u00e1 ser informado sobre o assunto.<\/p>\n<p>Quero-o muito bem, sei de suas boas inten\u00e7\u00f5es para com a cidade, das suas sempre bem colocadas opini\u00f5es, me desculpe a forma mal organizada e intempestiva de me colocar, mas, meus sentimentos est\u00e3o turbilhonados pela falta de sensibilidade de Paulo Moreira em lidar com assunto t\u00e3o importante e s\u00e9rio.<\/p>\n<p>Muito obrigado pelo aparte; espero ter feito todos entenderem meus motivos e os do trade,<\/p>\n<p>Boa Noite!<\/terrasdosemfim><\/p>\n","protected":false},"excerpt":{"rendered":"<p>De: Leonardo Garcia Diniz Assunto: A DISCUSS\u00c3O LEVA A TUDO! Corpo da mensagem: Senhor &#8211; Jos\u00e9 Carlos Junior, Sou seu leitor, admirador, e em muitas ocasi\u00f5es, grande maioria, concordo com seus artigos e c\u00e1 do meu cantinho o aplaudo; mas, como agora, neste artigo\/assunto, em particular, discordo de voc\u00ea em todos os sentidos eu quero [&hellip;]<\/p>\n","protected":false},"author":2,"featured_media":0,"comment_status":"open","ping_status":"open","sticky":false,"template":"","format":"standard","meta":{"_links_to":"","_links_to_target":""},"categories":[10],"tags":[],"_links":{"self":[{"href":"https:\/\/www.r2cpress.com.br\/v1\/wp-json\/wp\/v2\/posts\/34896"}],"collection":[{"href":"https:\/\/www.r2cpress.com.br\/v1\/wp-json\/wp\/v2\/posts"}],"about":[{"href":"https:\/\/www.r2cpress.com.br\/v1\/wp-json\/wp\/v2\/types\/post"}],"author":[{"embeddable":true,"href":"https:\/\/www.r2cpress.com.br\/v1\/wp-json\/wp\/v2\/users\/2"}],"replies":[{"embeddable":true,"href":"https:\/\/www.r2cpress.com.br\/v1\/wp-json\/wp\/v2\/comments?post=34896"}],"version-history":[{"count":5,"href":"https:\/\/www.r2cpress.com.br\/v1\/wp-json\/wp\/v2\/posts\/34896\/revisions"}],"predecessor-version":[{"id":34904,"href":"https:\/\/www.r2cpress.com.br\/v1\/wp-json\/wp\/v2\/posts\/34896\/revisions\/34904"}],"wp:attachment":[{"href":"https:\/\/www.r2cpress.com.br\/v1\/wp-json\/wp\/v2\/media?parent=34896"}],"wp:term":[{"taxonomy":"category","embeddable":true,"href":"https:\/\/www.r2cpress.com.br\/v1\/wp-json\/wp\/v2\/categories?post=34896"},{"taxonomy":"post_tag","embeddable":true,"href":"https:\/\/www.r2cpress.com.br\/v1\/wp-json\/wp\/v2\/tags?post=34896"}],"curies":[{"name":"wp","href":"https:\/\/api.w.org\/{rel}","templated":true}]}}