{"id":34956,"date":"2012-01-30T19:24:53","date_gmt":"2012-01-30T21:24:53","guid":{"rendered":"http:\/\/www.r2cpress.com.br\/v1\/?p=34956"},"modified":"2012-01-30T19:24:53","modified_gmt":"2012-01-30T21:24:53","slug":"show-em-beneficio-do-abrigo-sao-vicente","status":"publish","type":"post","link":"https:\/\/www.r2cpress.com.br\/v1\/2012\/01\/30\/show-em-beneficio-do-abrigo-sao-vicente\/","title":{"rendered":"SHOW EM BENEF\u00cdCIO DO ABRIGO S\u00c3O VICENTE"},"content":{"rendered":"<p>Informamos que no dia 03 de fevereiro de 2012 \u00e0s 19:30 horas na Casa dos Artistas, ser\u00e1 realizado um show pelas bandas Via de Acesso e Engenhoca, cuja arrecada\u00e7\u00e3o de alimentos ser\u00e1 revertida em prol do Abrigo S\u00e3o Vicente de Paulo de Ilh\u00e9us.<br \/>\nAgradecemos antecipadamente \u00e0s bandas por este ato caridoso, que muito ir\u00e1 contribuir com a qualidade de vida dos nossos idosos. Toda colabora\u00e7\u00e3o efetuada pela sociedade ser\u00e1 sempre bem vinda para a Institui\u00e7\u00e3o.<\/p>\n<p>Respeitosamente,<br \/>\nMarileide Souza &#8211; Presidente<br \/>\nwww.abrigosaovicenteilheus.com.br<\/p>\n<p>Contatos para o show:<br \/>\nGeorge&#8230;&#8230;&#8230;..8863-1333<br \/>\nManuela&#8230;&#8230;&#8230;8853-4373<br \/>\nEdi&#8230;&#8230;&#8230;&#8230;&#8230;.9100-7204<\/p>\n","protected":false},"excerpt":{"rendered":"<p>Informamos que no dia 03 de fevereiro de 2012 \u00e0s 19:30 horas na Casa dos Artistas, ser\u00e1 realizado um show pelas bandas Via de Acesso e Engenhoca, cuja arrecada\u00e7\u00e3o de alimentos ser\u00e1 revertida em prol do Abrigo S\u00e3o Vicente de Paulo de Ilh\u00e9us. Agradecemos antecipadamente \u00e0s bandas por este ato caridoso, que muito ir\u00e1 contribuir [&hellip;]<\/p>\n","protected":false},"author":2,"featured_media":0,"comment_status":"open","ping_status":"open","sticky":false,"template":"","format":"standard","meta":{"_links_to":"","_links_to_target":""},"categories":[28],"tags":[],"_links":{"self":[{"href":"https:\/\/www.r2cpress.com.br\/v1\/wp-json\/wp\/v2\/posts\/34956"}],"collection":[{"href":"https:\/\/www.r2cpress.com.br\/v1\/wp-json\/wp\/v2\/posts"}],"about":[{"href":"https:\/\/www.r2cpress.com.br\/v1\/wp-json\/wp\/v2\/types\/post"}],"author":[{"embeddable":true,"href":"https:\/\/www.r2cpress.com.br\/v1\/wp-json\/wp\/v2\/users\/2"}],"replies":[{"embeddable":true,"href":"https:\/\/www.r2cpress.com.br\/v1\/wp-json\/wp\/v2\/comments?post=34956"}],"version-history":[{"count":2,"href":"https:\/\/www.r2cpress.com.br\/v1\/wp-json\/wp\/v2\/posts\/34956\/revisions"}],"predecessor-version":[{"id":34958,"href":"https:\/\/www.r2cpress.com.br\/v1\/wp-json\/wp\/v2\/posts\/34956\/revisions\/34958"}],"wp:attachment":[{"href":"https:\/\/www.r2cpress.com.br\/v1\/wp-json\/wp\/v2\/media?parent=34956"}],"wp:term":[{"taxonomy":"category","embeddable":true,"href":"https:\/\/www.r2cpress.com.br\/v1\/wp-json\/wp\/v2\/categories?post=34956"},{"taxonomy":"post_tag","embeddable":true,"href":"https:\/\/www.r2cpress.com.br\/v1\/wp-json\/wp\/v2\/tags?post=34956"}],"curies":[{"name":"wp","href":"https:\/\/api.w.org\/{rel}","templated":true}]}}