{"id":34979,"date":"2012-01-30T19:43:57","date_gmt":"2012-01-30T21:43:57","guid":{"rendered":"http:\/\/www.r2cpress.com.br\/v1\/?p=34979"},"modified":"2012-01-30T23:53:51","modified_gmt":"2012-01-31T01:53:51","slug":"pura-comedia-no-teatro-municipal-de-ilheus-neste-fim-de-semana","status":"publish","type":"post","link":"https:\/\/www.r2cpress.com.br\/v1\/2012\/01\/30\/pura-comedia-no-teatro-municipal-de-ilheus-neste-fim-de-semana\/","title":{"rendered":"\u201cPura com\u00e9dia\u201d no Teatro Municipal de Ilh\u00e9us neste fim de semana"},"content":{"rendered":"<p><a href=\"http:\/\/www.r2cpress.com.br\/v1\/wp-content\/uploads\/157731_100000491205633_1428263801_n.jpg\"><img loading=\"lazy\" src=\"http:\/\/www.r2cpress.com.br\/v1\/wp-content\/uploads\/157731_100000491205633_1428263801_n.jpg\" alt=\"\" title=\"157731_100000491205633_1428263801_n\" width=\"180\" height=\"301\" class=\"alignleft size-full wp-image-34980\" srcset=\"https:\/\/www.r2cpress.com.br\/v1\/wp-content\/uploads\/157731_100000491205633_1428263801_n.jpg 180w, https:\/\/www.r2cpress.com.br\/v1\/wp-content\/uploads\/157731_100000491205633_1428263801_n-179x300.jpg 179w\" sizes=\"(max-width: 180px) 100vw, 180px\" \/><\/a>A Cia Casa Aberta de Teatro (CCAT) estreia o espet\u00e1culo \u201cPura Com\u00e9dia\u201d nesta sexta e s\u00e1bado (3 e 4), no Teatro Municipal de Ilh\u00e9us, \u00e0s 20h. Haver\u00e1 tamb\u00e9m a grava\u00e7\u00e3o do primeiro DVD do grupo. O elenco da CCAT promete ao p\u00fablico uma noite de gargalhadas, como diz o slogan da pe\u00e7a \u201cQuem n\u00e3o rir, n\u00e3o paga!\u201d<\/p>\n<p>O espet\u00e1culo \u00e9 formado por sete esquetes que fazem inteligentes cr\u00edticas \u00e0 sociedade, al\u00e9m de revelar um humor escondido em v\u00e1rias situa\u00e7\u00f5es do cotidiano. O texto de \u201cPura Com\u00e9dia\u201d \u00e9 assinado por Guimar\u00e3es Neto, que \u00e9 tamb\u00e9m diretor do espet\u00e1culo. O palco \u00e9 dividido entre cinco atores da CCAT: Ruy Penalva (pr\u00eamio de melhor ator no Festival Firmino Rocha, em 2010), Maur\u00edcio Lima, Lucas Santana, Germano Lopes e Decco Rocha. O elenco se desdobra em mais de 10 personagens, levando a plat\u00e9ia a uma verdadeira \u201chumorragia\u201d.<\/p>\n<p>Esta \u00e9 uma realiza\u00e7\u00e3o da CCAT Produ\u00e7\u00f5es. A equipe produ\u00e7\u00e3o deste espet\u00e1culo \u00e9 composta tamb\u00e9m por Eriksson Bastos, Fabiane Ribeiro, Alo\u00edsio Soares Lopes, Tacila Mendes, Alexandre Bulh\u00f5es e Ana Lee.  Os ingressos j\u00e1 est\u00e3o \u00e0 venda por R$ 20,00 (meia R$ 10,00), na bilheteria do Teatro Municipal. Visite o site do grupo: http:\/\/www.ciacasaabertadeteatro.blogspot.com<\/p>\n","protected":false},"excerpt":{"rendered":"<p>A Cia Casa Aberta de Teatro (CCAT) estreia o espet\u00e1culo \u201cPura Com\u00e9dia\u201d nesta sexta e s\u00e1bado (3 e 4), no Teatro Municipal de Ilh\u00e9us, \u00e0s 20h. Haver\u00e1 tamb\u00e9m a grava\u00e7\u00e3o do primeiro DVD do grupo. O elenco da CCAT promete ao p\u00fablico uma noite de gargalhadas, como diz o slogan da pe\u00e7a \u201cQuem n\u00e3o rir, [&hellip;]<\/p>\n","protected":false},"author":2,"featured_media":0,"comment_status":"open","ping_status":"open","sticky":false,"template":"","format":"standard","meta":{"_links_to":"","_links_to_target":""},"categories":[5],"tags":[],"_links":{"self":[{"href":"https:\/\/www.r2cpress.com.br\/v1\/wp-json\/wp\/v2\/posts\/34979"}],"collection":[{"href":"https:\/\/www.r2cpress.com.br\/v1\/wp-json\/wp\/v2\/posts"}],"about":[{"href":"https:\/\/www.r2cpress.com.br\/v1\/wp-json\/wp\/v2\/types\/post"}],"author":[{"embeddable":true,"href":"https:\/\/www.r2cpress.com.br\/v1\/wp-json\/wp\/v2\/users\/2"}],"replies":[{"embeddable":true,"href":"https:\/\/www.r2cpress.com.br\/v1\/wp-json\/wp\/v2\/comments?post=34979"}],"version-history":[{"count":2,"href":"https:\/\/www.r2cpress.com.br\/v1\/wp-json\/wp\/v2\/posts\/34979\/revisions"}],"predecessor-version":[{"id":34982,"href":"https:\/\/www.r2cpress.com.br\/v1\/wp-json\/wp\/v2\/posts\/34979\/revisions\/34982"}],"wp:attachment":[{"href":"https:\/\/www.r2cpress.com.br\/v1\/wp-json\/wp\/v2\/media?parent=34979"}],"wp:term":[{"taxonomy":"category","embeddable":true,"href":"https:\/\/www.r2cpress.com.br\/v1\/wp-json\/wp\/v2\/categories?post=34979"},{"taxonomy":"post_tag","embeddable":true,"href":"https:\/\/www.r2cpress.com.br\/v1\/wp-json\/wp\/v2\/tags?post=34979"}],"curies":[{"name":"wp","href":"https:\/\/api.w.org\/{rel}","templated":true}]}}