{"id":35021,"date":"2012-01-31T12:39:31","date_gmt":"2012-01-31T14:39:31","guid":{"rendered":"http:\/\/www.r2cpress.com.br\/v1\/?p=35021"},"modified":"2012-01-31T12:39:31","modified_gmt":"2012-01-31T14:39:31","slug":"junta-de-servico-militar-atende-no-sac-de-ilheus","status":"publish","type":"post","link":"https:\/\/www.r2cpress.com.br\/v1\/2012\/01\/31\/junta-de-servico-militar-atende-no-sac-de-ilheus\/","title":{"rendered":"Junta de Servi\u00e7o Militar atende no SAC de Ilh\u00e9us"},"content":{"rendered":"<p>Todos os jovens que nasceram no ano de 1994, dever\u00e3o fazer o Alistamento Militar, que \u00e9 obrigat\u00f3rio at\u00e9 o dia 30 de abril (segunda feira). Em Ilh\u00e9us, a Junta de Servi\u00e7o Militar fica localizada no SAC &#8211; Servi\u00e7o de Atendimento ao Cidad\u00e3o &#8211; na sala 11, e o  funcionamento do setor \u00e9 das 7 \u00e0s 15 horas.<\/p>\n<p>O procedimento s\u00f3 pode ser realizado na Junta de Servi\u00e7o Militar do munic\u00edpio em que o cidad\u00e3o reside. Para tanto, deve-se ter em m\u00e3os RG ou Certid\u00e3o de Nascimento e foto 3\u00d74. Aqueles com mais de 18 anos poder\u00e3o fazer o Alistamento ap\u00f3s a data, mas devem estar cientes de que haver\u00e1 multa pelo atraso. \u00c9 importante lembrar que sem o Alistamento Militar o cidad\u00e3o fica impedido de confeccionar o t\u00edtulo de eleitor e Passaporte, realizar matr\u00edculas em universidades, concursos p\u00fablicos e at\u00e9 admiss\u00e3o em institui\u00e7\u00f5es privadas.<\/p>\n<p>O gerente do SAC, Jamil Ock\u00e9, refor\u00e7a a chamada aos jovens por reconhecer que, mais que obriga\u00e7\u00e3o, o Alistamento Militar \u00e9 o exerc\u00edcio de comprometimento com a p\u00e1tria e a cidadania.<\/p>\n","protected":false},"excerpt":{"rendered":"<p>Todos os jovens que nasceram no ano de 1994, dever\u00e3o fazer o Alistamento Militar, que \u00e9 obrigat\u00f3rio at\u00e9 o dia 30 de abril (segunda feira). Em Ilh\u00e9us, a Junta de Servi\u00e7o Militar fica localizada no SAC &#8211; Servi\u00e7o de Atendimento ao Cidad\u00e3o &#8211; na sala 11, e o funcionamento do setor \u00e9 das 7 \u00e0s [&hellip;]<\/p>\n","protected":false},"author":2,"featured_media":0,"comment_status":"open","ping_status":"open","sticky":false,"template":"","format":"standard","meta":{"_links_to":"","_links_to_target":""},"categories":[14],"tags":[],"_links":{"self":[{"href":"https:\/\/www.r2cpress.com.br\/v1\/wp-json\/wp\/v2\/posts\/35021"}],"collection":[{"href":"https:\/\/www.r2cpress.com.br\/v1\/wp-json\/wp\/v2\/posts"}],"about":[{"href":"https:\/\/www.r2cpress.com.br\/v1\/wp-json\/wp\/v2\/types\/post"}],"author":[{"embeddable":true,"href":"https:\/\/www.r2cpress.com.br\/v1\/wp-json\/wp\/v2\/users\/2"}],"replies":[{"embeddable":true,"href":"https:\/\/www.r2cpress.com.br\/v1\/wp-json\/wp\/v2\/comments?post=35021"}],"version-history":[{"count":1,"href":"https:\/\/www.r2cpress.com.br\/v1\/wp-json\/wp\/v2\/posts\/35021\/revisions"}],"predecessor-version":[{"id":35022,"href":"https:\/\/www.r2cpress.com.br\/v1\/wp-json\/wp\/v2\/posts\/35021\/revisions\/35022"}],"wp:attachment":[{"href":"https:\/\/www.r2cpress.com.br\/v1\/wp-json\/wp\/v2\/media?parent=35021"}],"wp:term":[{"taxonomy":"category","embeddable":true,"href":"https:\/\/www.r2cpress.com.br\/v1\/wp-json\/wp\/v2\/categories?post=35021"},{"taxonomy":"post_tag","embeddable":true,"href":"https:\/\/www.r2cpress.com.br\/v1\/wp-json\/wp\/v2\/tags?post=35021"}],"curies":[{"name":"wp","href":"https:\/\/api.w.org\/{rel}","templated":true}]}}