{"id":35297,"date":"2012-02-04T18:00:36","date_gmt":"2012-02-04T20:00:36","guid":{"rendered":"http:\/\/www.r2cpress.com.br\/v1\/?p=35297"},"modified":"2012-02-04T18:00:57","modified_gmt":"2012-02-04T20:00:57","slug":"para-encerrar-a-greve","status":"publish","type":"post","link":"https:\/\/www.r2cpress.com.br\/v1\/2012\/02\/04\/para-encerrar-a-greve\/","title":{"rendered":"PARA ENCERRAR A GREVE:"},"content":{"rendered":"<p>As Associa\u00e7\u00f5es da Pol\u00edcia Militar da Bahia abaixo nominadas, buscando mediar uma solu\u00e7\u00e3o pac\u00edfica e democr\u00e1tica, junto ao governo do estado, em fun\u00e7\u00e3o da paralisa\u00e7\u00e3o de policiais militares, v\u00eam informar \u00e0 sociedade baiana que, em reuni\u00e3o ocorrida nesta manh\u00e3, com o Secret\u00e1rio de Seguran\u00e7a P\u00fablica da Bahia, Maur\u00edcio Barbosa, o Comandante Geral da PMBA, Cel PM Alfredo Castro, al\u00e9m de outras autoridades representativas do governo, apresentou uma pauta de reivindica\u00e7\u00f5es contemplando os anseios da categoria relativos \u00e0 reposi\u00e7\u00e3o salarial, sendo que de imediato pleiteia:<\/p>\n<p>1)     a regulamenta\u00e7\u00e3o da Gratifica\u00e7\u00e3o de Atividade Policial, n\u00edvel V<\/p>\n<p>2)     a anistia administrativa para todos policiais militares participantes deste movimento, como contrapartida para o imediato retorno das atividades normais da Pol\u00edcia Militar restabelecendo assim a paz e a tranq\u00fcilidade p\u00fablica no nosso Estado.<\/p>\n<p>3)     As outras reivindica\u00e7\u00f5es, das quais algumas delas fazem parte do processo de negocia\u00e7\u00e3o que j\u00e1 vinha sendo desencadeado junto ao Comando Geral da PMBA, s\u00e3o:<\/p>\n<p>4)     Aplica\u00e7\u00e3o do percentual de 14,13% referente ao reajuste do sal\u00e1rio m\u00ednimo, a todo grau hier\u00e1rquico da Pol\u00edcia Militar;<\/p>\n<p>5)     Regulamenta\u00e7\u00e3o do adicional de titula\u00e7\u00e3o; -Valoriza\u00e7\u00e3o do soldo atrav\u00e9s da transfer\u00eancia de pec\u00fania da GAP;<\/p>\n<p>6)     Efetiva isonomia com a Pol\u00edcia Civil, conforme preceitua o Art. 47 da Constitui\u00e7\u00e3o do Estado da Bahia;<\/p>\n<p>7)     Aumento do percentual do CET e implanta\u00e7\u00e3o do RTI para Oficiais e Pra\u00e7as;<\/p>\n<p>8-     Extens\u00e3o do percentual de CET para os pra\u00e7as lotados nas Unidades Administrativas;<\/p>\n<p>9)     Corre\u00e7\u00e3o do c\u00e1lculo de pagamento de hora-extra; -Regulamenta\u00e7\u00e3o e implanta\u00e7\u00e3o do pagamento do adicional de periculosidade e insalubridade;<\/p>\n<p>10)  Extens\u00e3o da possibilidade de aquisi\u00e7\u00e3o de casa pr\u00f3pria pelo plano Conder para todos os policiais militares, inclusive os da reserva remunerada;<\/p>\n<p>11)  Revis\u00e3o do valor do auxilio alimenta\u00e7\u00e3o para valores compat\u00edveis com a realidade f\u00e1tica da necessidade;<\/p>\n<p>12)  Pagamento da URV;<\/p>\n<p>13)  Pagamento da diferen\u00e7a das GAPs;<\/p>\n<p>14)  Ajuste do valor do anu\u00eanio;<\/p>\n<p>15)  Regulariza\u00e7\u00e3o da legisla\u00e7\u00e3o sobre o adicional noturno;<\/p>\n<p>16)  Cria\u00e7\u00e3o de um plano de carreira para os Pra\u00e7as;<\/p>\n<p>17)  Revoga\u00e7\u00e3o da cassa\u00e7\u00e3o de proventos; -Exig\u00eancia de n\u00edvel superior para acesso \u00e0 Corpora\u00e7\u00e3o e de Curso de Direito para a Oficialidade;<\/p>\n<p>18)  Manuten\u00e7\u00e3o da Mesa Permanente de Negocia\u00e7\u00f5es, envolvendo os representantes das Associa\u00e7\u00f5es de Oficiais e Pra\u00e7as;<\/p>\n<p>19)  Reajuste linear de 17,28% retroativo a abril de 2007;<\/p>\n<p>20)  Atualiza\u00e7\u00e3o do valor do Honor\u00e1rio de Ensino;<\/p>\n<p>21)  Reestrutura\u00e7\u00e3o no Plano de Carreira;<\/p>\n<p>22)  Regime Pr\u00f3prio de Previd\u00eancia, na forma que disp\u00f5e a Constitui\u00e7\u00e3o Federal;<\/p>\n<p>23)  Implanta\u00e7\u00e3o do Subs\u00eddio, conforme prev\u00ea o \u00a7 4\u00ba do art. 39 da Carta Magna do Pa\u00eds; Solicitamos aos companheiros que encaminhem com urg\u00eancia \u00e0s respectivas Associa\u00e7\u00f5es as demandas que n\u00e3o foram contempladas neste informativo, a fim de serem incorporadas ao processo de negocia\u00e7\u00e3o.<\/p>\n<p> Salvador (BA), 03 de fevereiro de 2012.<\/p>\n<p>Associa\u00e7\u00e3o dos Oficiais da Pol\u00edcia Militar da Bahia \u2013 For\u00e7a Invicta Associa\u00e7\u00e3o dos Pra\u00e7as da Pol\u00edcia Militar da Bahia \u2013 APPM Associa\u00e7\u00e3o dos Subtenentes, Sargentos e Oficiais da Pol\u00edcia Militar da Bahia \u2013 ABSSO de Salvador, Itaberaba e Ilh\u00e9us Associa\u00e7\u00e3o dos Cabos e Soldados da Pol\u00edcia Militar da Bahia de Itaberaba<\/p>\n","protected":false},"excerpt":{"rendered":"<p>As Associa\u00e7\u00f5es da Pol\u00edcia Militar da Bahia abaixo nominadas, buscando mediar uma solu\u00e7\u00e3o pac\u00edfica e democr\u00e1tica, junto ao governo do estado, em fun\u00e7\u00e3o da paralisa\u00e7\u00e3o de policiais militares, v\u00eam informar \u00e0 sociedade baiana que, em reuni\u00e3o ocorrida nesta manh\u00e3, com o Secret\u00e1rio de Seguran\u00e7a P\u00fablica da Bahia, Maur\u00edcio Barbosa, o Comandante Geral da PMBA, Cel [&hellip;]<\/p>\n","protected":false},"author":2,"featured_media":0,"comment_status":"open","ping_status":"open","sticky":false,"template":"","format":"standard","meta":{"_links_to":"","_links_to_target":""},"categories":[25],"tags":[],"_links":{"self":[{"href":"https:\/\/www.r2cpress.com.br\/v1\/wp-json\/wp\/v2\/posts\/35297"}],"collection":[{"href":"https:\/\/www.r2cpress.com.br\/v1\/wp-json\/wp\/v2\/posts"}],"about":[{"href":"https:\/\/www.r2cpress.com.br\/v1\/wp-json\/wp\/v2\/types\/post"}],"author":[{"embeddable":true,"href":"https:\/\/www.r2cpress.com.br\/v1\/wp-json\/wp\/v2\/users\/2"}],"replies":[{"embeddable":true,"href":"https:\/\/www.r2cpress.com.br\/v1\/wp-json\/wp\/v2\/comments?post=35297"}],"version-history":[{"count":3,"href":"https:\/\/www.r2cpress.com.br\/v1\/wp-json\/wp\/v2\/posts\/35297\/revisions"}],"predecessor-version":[{"id":35300,"href":"https:\/\/www.r2cpress.com.br\/v1\/wp-json\/wp\/v2\/posts\/35297\/revisions\/35300"}],"wp:attachment":[{"href":"https:\/\/www.r2cpress.com.br\/v1\/wp-json\/wp\/v2\/media?parent=35297"}],"wp:term":[{"taxonomy":"category","embeddable":true,"href":"https:\/\/www.r2cpress.com.br\/v1\/wp-json\/wp\/v2\/categories?post=35297"},{"taxonomy":"post_tag","embeddable":true,"href":"https:\/\/www.r2cpress.com.br\/v1\/wp-json\/wp\/v2\/tags?post=35297"}],"curies":[{"name":"wp","href":"https:\/\/api.w.org\/{rel}","templated":true}]}}