{"id":35340,"date":"2012-02-04T22:57:35","date_gmt":"2012-02-05T00:57:35","guid":{"rendered":"http:\/\/www.r2cpress.com.br\/v1\/?p=35340"},"modified":"2012-02-04T23:06:23","modified_gmt":"2012-02-05T01:06:23","slug":"viva-a-democracia","status":"publish","type":"post","link":"https:\/\/www.r2cpress.com.br\/v1\/2012\/02\/04\/viva-a-democracia\/","title":{"rendered":"VIVA A &#8220;DEMOCRACIA&#8221; !!!!"},"content":{"rendered":"<p><center><iframe loading=\"lazy\" width=\"500\" height=\"315\" src=\"http:\/\/www.youtube.com\/embed\/Ze1z-g-Avjg\" frameborder=\"0\" allowfullscreen><\/iframe><\/center><\/p>\n<p>&#8212;<br \/>\nMenos de 10 minutos antes do governador da Bahia entrar em cadeia regional de televis\u00e3o para condenar a a\u00e7\u00e3o dos grevistas, o rep\u00f3rter Valdeck Filho, do programa \u201cNa Mira\u201d da TV Aratu, filiada ao SBT, recebia um an\u00fancio de demiss\u00e3o das m\u00e3os de um diretor da emissora na Bahia. O executivo da empresa n\u00e3o informou os motivos da demiss\u00e3o, mas falou que sentia por dar a not\u00edcia triste e que \u201cem outra ocasi\u00e3o estaria com as portas abertas para retornar\u201d. A not\u00edcia da sua demiss\u00e3o pegou o rep\u00f3rter de surpresa<\/p>\n<p>Nos dias que se seguiram, o rep\u00f3rter continuou a cobrir o movimento de dentro, convivendo diariamente com os policiais grevistas na frente da Assembleia Legislativa da Bahia. A participa\u00e7\u00e3o dele era considerada \u201csubversiva\u201d por alguns setores da comunica\u00e7\u00e3o do governo do Estado.<br \/>\nhttp:\/\/politicanews.com.br<br \/>\n&#8212;<br \/>\nNo <a href = \"http:\/\/www.observadorpolitico.org.br\/grupos\/nordeste\/forum\/topic\/reporter-e-demitido-por-cobertura-da-greve-de-policiais-militares-da-bahia\/\" target = \"_news\"><b>OBSERVADOR POL\u00cdTICO<\/b><\/a><\/p>\n<p>&#8212;<\/p>\n","protected":false},"excerpt":{"rendered":"<p>&#8212; Menos de 10 minutos antes do governador da Bahia entrar em cadeia regional de televis\u00e3o para condenar a a\u00e7\u00e3o dos grevistas, o rep\u00f3rter Valdeck Filho, do programa \u201cNa Mira\u201d da TV Aratu, filiada ao SBT, recebia um an\u00fancio de demiss\u00e3o das m\u00e3os de um diretor da emissora na Bahia. O executivo da empresa n\u00e3o [&hellip;]<\/p>\n","protected":false},"author":2,"featured_media":0,"comment_status":"open","ping_status":"open","sticky":false,"template":"","format":"standard","meta":{"_links_to":"","_links_to_target":""},"categories":[25],"tags":[],"_links":{"self":[{"href":"https:\/\/www.r2cpress.com.br\/v1\/wp-json\/wp\/v2\/posts\/35340"}],"collection":[{"href":"https:\/\/www.r2cpress.com.br\/v1\/wp-json\/wp\/v2\/posts"}],"about":[{"href":"https:\/\/www.r2cpress.com.br\/v1\/wp-json\/wp\/v2\/types\/post"}],"author":[{"embeddable":true,"href":"https:\/\/www.r2cpress.com.br\/v1\/wp-json\/wp\/v2\/users\/2"}],"replies":[{"embeddable":true,"href":"https:\/\/www.r2cpress.com.br\/v1\/wp-json\/wp\/v2\/comments?post=35340"}],"version-history":[{"count":5,"href":"https:\/\/www.r2cpress.com.br\/v1\/wp-json\/wp\/v2\/posts\/35340\/revisions"}],"predecessor-version":[{"id":35344,"href":"https:\/\/www.r2cpress.com.br\/v1\/wp-json\/wp\/v2\/posts\/35340\/revisions\/35344"}],"wp:attachment":[{"href":"https:\/\/www.r2cpress.com.br\/v1\/wp-json\/wp\/v2\/media?parent=35340"}],"wp:term":[{"taxonomy":"category","embeddable":true,"href":"https:\/\/www.r2cpress.com.br\/v1\/wp-json\/wp\/v2\/categories?post=35340"},{"taxonomy":"post_tag","embeddable":true,"href":"https:\/\/www.r2cpress.com.br\/v1\/wp-json\/wp\/v2\/tags?post=35340"}],"curies":[{"name":"wp","href":"https:\/\/api.w.org\/{rel}","templated":true}]}}