{"id":35394,"date":"2012-02-05T20:44:53","date_gmt":"2012-02-05T22:44:53","guid":{"rendered":"http:\/\/www.r2cpress.com.br\/v1\/?p=35394"},"modified":"2012-02-05T20:44:53","modified_gmt":"2012-02-05T22:44:53","slug":"lancamento-de-livro-2","status":"publish","type":"post","link":"https:\/\/www.r2cpress.com.br\/v1\/2012\/02\/05\/lancamento-de-livro-2\/","title":{"rendered":"Lan\u00e7amento de Livro"},"content":{"rendered":"<p>Caros amigos,<\/p>\n<p>Na sexta-feira &#8211; 10.02 &#8211; estarei a\u00ed em Ilh\u00e9us para o Lan\u00e7amento, na Academia de Letras de Ilh\u00e9us, de um Livro sobre a Fam\u00edlia &#8211; Alencar Araripe &#8211; escrito em parceria com Maria Helena Alencar.                            <\/p>\n<p>O evento se dar\u00e1 \u00e0s 19,00h. Conto com a presen\u00e7a dos amigos.<\/p>\n<p>Cordialmente, o amigo,<\/p>\n<p>Guarani Araripe.<\/p>\n","protected":false},"excerpt":{"rendered":"<p>Caros amigos, Na sexta-feira &#8211; 10.02 &#8211; estarei a\u00ed em Ilh\u00e9us para o Lan\u00e7amento, na Academia de Letras de Ilh\u00e9us, de um Livro sobre a Fam\u00edlia &#8211; Alencar Araripe &#8211; escrito em parceria com Maria Helena Alencar. O evento se dar\u00e1 \u00e0s 19,00h. Conto com a presen\u00e7a dos amigos. Cordialmente, o amigo, Guarani Araripe.<\/p>\n","protected":false},"author":2,"featured_media":0,"comment_status":"open","ping_status":"open","sticky":false,"template":"","format":"standard","meta":{"_links_to":"","_links_to_target":""},"categories":[5],"tags":[],"_links":{"self":[{"href":"https:\/\/www.r2cpress.com.br\/v1\/wp-json\/wp\/v2\/posts\/35394"}],"collection":[{"href":"https:\/\/www.r2cpress.com.br\/v1\/wp-json\/wp\/v2\/posts"}],"about":[{"href":"https:\/\/www.r2cpress.com.br\/v1\/wp-json\/wp\/v2\/types\/post"}],"author":[{"embeddable":true,"href":"https:\/\/www.r2cpress.com.br\/v1\/wp-json\/wp\/v2\/users\/2"}],"replies":[{"embeddable":true,"href":"https:\/\/www.r2cpress.com.br\/v1\/wp-json\/wp\/v2\/comments?post=35394"}],"version-history":[{"count":2,"href":"https:\/\/www.r2cpress.com.br\/v1\/wp-json\/wp\/v2\/posts\/35394\/revisions"}],"predecessor-version":[{"id":35396,"href":"https:\/\/www.r2cpress.com.br\/v1\/wp-json\/wp\/v2\/posts\/35394\/revisions\/35396"}],"wp:attachment":[{"href":"https:\/\/www.r2cpress.com.br\/v1\/wp-json\/wp\/v2\/media?parent=35394"}],"wp:term":[{"taxonomy":"category","embeddable":true,"href":"https:\/\/www.r2cpress.com.br\/v1\/wp-json\/wp\/v2\/categories?post=35394"},{"taxonomy":"post_tag","embeddable":true,"href":"https:\/\/www.r2cpress.com.br\/v1\/wp-json\/wp\/v2\/tags?post=35394"}],"curies":[{"name":"wp","href":"https:\/\/api.w.org\/{rel}","templated":true}]}}