{"id":35405,"date":"2012-02-05T21:41:49","date_gmt":"2012-02-05T23:41:49","guid":{"rendered":"http:\/\/www.r2cpress.com.br\/v1\/?p=35405"},"modified":"2012-02-05T21:41:49","modified_gmt":"2012-02-05T23:41:49","slug":"blog-reinaldo-azevedo","status":"publish","type":"post","link":"https:\/\/www.r2cpress.com.br\/v1\/2012\/02\/05\/blog-reinaldo-azevedo\/","title":{"rendered":"Blog Reinaldo Azevedo"},"content":{"rendered":"<h1><a href=\"http:\/\/veja.abril.com.br\/blog\/reinaldo\/geral\/quando-lula-e-jaques-wagner-promoviam-a-baderna-na-bahia-ou-praticas-criminosas\/\" rel=\"bookmark\">Quando Lula e Jaques Wagner promoviam a baderna na Bahia. Ou: Pr\u00e1ticas criminosas<\/a><\/h1>\n<div>\n<p>Em julho de 2001, houve uma greve da Pol\u00edcia Militar na Bahia, ent\u00e3o governada pelo PFL. Eu dirigia o site e a revista Primeira Leitura. Critiquei severamente o movimento dos policiais nos termos de sempre nesses casos: \u201cGente armada n\u00e3o pode parar; quando um policial deixa de trabalhar, o bandido agradece, e o homem comum sofre\u201d. Eu pensava isso sobre a greve da PM baiana em 2001 e penso o mesmo sobre a greve de 2012. \u00a0Mas e Lula? E Jaques Wagner?<\/p>\n<p><span style=\"color: #ff0000;\"><strong>\u201c\u2018A Pol\u00edcia Militar pode fazer greve. Minha tese \u00e9 de que todas as categorias de trabalhadores que s\u00e3o consideradas atividades essenciais s\u00f3 podem ser proibidas de fazer greve se tiverem tamb\u00e9m sal\u00e1rio essencial. Se considero a atividade essencial, mas pago sal\u00e1rio mixo, esse cidad\u00e3o tem direito a fazer greve.\u201d<\/strong><\/span><\/p>\n<p>Quem fala a\u00ed \u00e9 Luiz In\u00e1cio Apedeuta da Silva, ent\u00e3o pr\u00e9-candidato \u00e0 Presid\u00eancia pelo PT. Seria eleito no ano seguinte para seu primeiro mandato. Naquela greve, sem o mortic\u00ednio de agora, tamb\u00e9m houve arrast\u00f5es, saques etc. Lula,\u00a0 dotado daquela mesma moral e responsabilidades mai\u00fasculas de Eduardo Suplicy tinha o diagn\u00f3stico sobre o que estava em curso no Estado. Leiam:<br \/>\n<span style=\"color: #ff0000;\"><strong>\u201cAcho que, no caso da Bahia, o pr\u00f3prio governo articulou os chamados arrast\u00f5es para criar p\u00e2nico na sociedade. Veja, o que o governo tentou vender? A impress\u00e3o que passava era de que, se n\u00e3o houvesse policial na rua, todo o baiano era bandido. N\u00e3o \u00e9 verdade. Os arrast\u00f5es na Bahia me lembraram os que ocorreram no Rio em 92, quando a Benedita (da Silva, petista e atual vice-governadora do Rio) foi para o segundo turno (nas elei\u00e7\u00f5es para a prefeitura). Voc\u00ea percebeu que na \u00e9poca terminaram as elei\u00e7\u00f5es e, com isso, acabaram os arrast\u00f5es? Faz nove anos e nunca mais se falou isso\u201d.<\/strong><\/span><\/p>\n<p>Quanta ligeireza!<br \/>\nQuanta irresponsabilidade!<br \/>\nQuanta vigarice pol\u00edtica!<\/p>\n<p>Mas isso n\u00e3o \u00e9 tudo, n\u00e3o. Um dos grandes apoiadores da greve de 2001 foi o ent\u00e3o deputado Jaques Wagner, hoje governador do Estado. Informava o Globo Online de ontem:<\/p>\n<p><!--more--><\/p>\n<p><span style=\"color: #ff0000;\">Apontado como l\u00edder da greve dos PMs baianos, o presidente da Associa\u00e7\u00e3o de Policiais, Bombeiros e seus Familiares da Bahia (Aspra), soldado Marco Prisco, disse <strong>que o governador Jacques Wagner, quando ainda era deputado federal, participou com outros parlamentares do PT e de partidos da base do esquema de financiamento da paralisa\u00e7\u00e3o dos policiais militares do estado em 2001<\/strong>. Ele acrescentou que o Sindicato dos Qu\u00edmicos e Petroleiros da Bahia, que tinha na dire\u00e7\u00e3o o atual presidente da Petrobras, Sergio Gabrielli, alugou e cedeu, na \u00e9poca, seis carros para garantir a greve na Bahia, onde diz que foi preseguido e amea\u00e7ado de pris\u00e3o pelo ent\u00e3o governador carlista Cesar Borges. \u201cO motorista que me levou para Bras\u00edlia era um funcion\u00e1rio do sindicato, Nelson Souto. Na capital, foi recebido pelo ent\u00e3o senador petista Crist\u00f3vam Buarque\u201d, disse.<\/span><br \/>\n<span style=\"color: #ff0000;\"> Prisco disse que, al\u00e9m de Jacques Wagner, teriam apoiado e contribu\u00eddo para a greve de 2001 os parlamentares Nelson Pellegrino (PT), Moema Gramacho (PT), L\u00eddice da Mata (PSB), Alceu Portugal (PCdoB), Daniel Almeida (PCdoB) e Eliel Santana (PSC). Segundo ele, a ajuda garantiu a estrutura necess\u00e1ria ao movimento, incluindo o fornecimento de alimenta\u00e7\u00e3o para os grevistas.<\/span><\/p>\n<p><strong>Voltei<\/strong><br \/>\nISSO \u00c9 O PETISMO, ESSE LIXO MORAL! Os petistas estavam financiando a greve por interm\u00e9dio de um sindicato &#8211; que nada tinha a ver com a pol\u00edcia, diga-se &#8211; e de seus parlamentares. Hoje, o governador Wagner vai \u00e0 TV demonizar aqueles a quem deu suporte material quando estava na oposi\u00e7\u00e3o. O tal l\u00edder sindical \u00e9 o mesmo. Consta que \u00e9 filiado ao PSDB, mas que vai rasgar sua ficha. Est\u00e1 descontente porque os tucanos n\u00e3o est\u00e3o apoiando seu movimento &#8211; no que fazem muito bem!<\/p>\n<p>Vejam l\u00e1 que gra\u00e7a: at\u00e9 S\u00e9rgio Gabrielli, que depois se tornou o todo-poderoso da Petrobras e que vai fazer parte da equipe de Wagner, apoiava a greve dos policiais. Ora, se era para lutar contra o governo, que mal havia em deixar a popula\u00e7\u00e3o \u00e0 merc\u00ea da bandidagem?<\/p>\n<p><strong>Crime como m\u00e9todo<br \/>\n<\/strong>A esmagadora maioria dos petistas \u00e9 socialista de araque. Essa gente gosta mesmo \u00e9 do capitalismo, especialmente \u00e0 moda brasileira, com esse estado gigantesco, que permite ao governo manter na r\u00e9dea curta boa parte do empresariado. Isso \u00e9, al\u00e9m de tudo, muito lucrativo &#8211; escreverei mais tarde um artigo sobre o \u201cmodo Dilma\u201d de privatizar aeroportos. N\u00e3o sei como o ca\u00e7ador de \u201cprivatarias\u201d, Elio Gaspari, ainda n\u00e3o se interessou pelo caso\u2026 Mas n\u00e3o quero mudar o foco. Voltemos.<\/p>\n<p>Os \u201csocialistas\u201d do PT j\u00e1 renunciaram, e faz tempo!, \u00e0 dimens\u00e3o ut\u00f3pica do socialismo &#8211; n\u00e3o que ela seja grande coisa: tamb\u00e9m \u00e9 criminosa. Mas \u00e9 evidente que houve socialistas, e ainda os h\u00e1, bem poucos, que realmente acreditavam estar lutando pelo reino da justi\u00e7a e da igualdade e coisa e tal\u2026 Daquele socialismo, os petistas de agora conservam apenas a concep\u00e7\u00e3o autorit\u00e1ria de sociedade, gerida pelo partido. Em nome de sua constru\u00e7\u00e3o e de seu fortalecimento, tudo \u00e9 poss\u00edvel &#8211; muito especialmente o crime.<\/p>\n<p>Eu diria mesmo que inexiste, infelizmente para os bem-intencionados, uma esquerda que n\u00e3o seja criminosa, ainda que alguns de seus militantes n\u00e3o tenham clareza disso. O melhor texto a relatar essa moral justificadora do mal \u00e9 a pe\u00e7a \u201cAs M\u00e3os Sujas\u201d, de Sartre, depois convertido ao\u2026 comunismo!<\/p>\n<p>Se o objetivo \u00e9 conquistar o poder, anotem a\u00ed, n\u00e3o existe \u00f3bice moral para o PT \u201cAh, \u00e9 assim com todo mundo\u2026\u201d Em primeiro lugar, \u00e9 falso! N\u00e3o \u00e9, n\u00e3o! Em segundo lugar, mas n\u00e3o menos importante: h\u00e1 muitos bandidos que exibem ao menos uma nesga de honestidade ao n\u00e3o tentar nos convencer de que aquilo que nos destr\u00f3i \u00e9 bom para n\u00f3s.<\/p>\n<p>Em 2001, o PT queria \u201co quanto pior, melhor\u201d na Bahia porque isso fazia parte de seu projeto de poder. Em 2012, o PT quer \u201co quanto pior, melhor\u201d em S\u00e3o Paulo porque isso faz parte do seu projeto de poder. O governo federal baixou no estado governado pelo petista Jaques Wagner para tentar impor um pouco de ordem. Os mesmos valentes tentaram meter <strong>os p\u00e9s pelos p\u00e9s<\/strong> em S\u00e3o Paulo para ver se imp\u00f5em a desordem.<\/p>\n<\/div>\n<p><em>Por Reinaldo Azevedo<\/em><\/p>\n","protected":false},"excerpt":{"rendered":"<p>Quando Lula e Jaques Wagner promoviam a baderna na Bahia. Ou: Pr\u00e1ticas criminosas Em julho de 2001, houve uma greve da Pol\u00edcia Militar na Bahia, ent\u00e3o governada pelo PFL. Eu dirigia o site e a revista Primeira Leitura. Critiquei severamente o movimento dos policiais nos termos de sempre nesses casos: \u201cGente armada n\u00e3o pode parar; [&hellip;]<\/p>\n","protected":false},"author":2,"featured_media":0,"comment_status":"open","ping_status":"open","sticky":false,"template":"","format":"standard","meta":{"_links_to":"","_links_to_target":""},"categories":[12],"tags":[],"_links":{"self":[{"href":"https:\/\/www.r2cpress.com.br\/v1\/wp-json\/wp\/v2\/posts\/35405"}],"collection":[{"href":"https:\/\/www.r2cpress.com.br\/v1\/wp-json\/wp\/v2\/posts"}],"about":[{"href":"https:\/\/www.r2cpress.com.br\/v1\/wp-json\/wp\/v2\/types\/post"}],"author":[{"embeddable":true,"href":"https:\/\/www.r2cpress.com.br\/v1\/wp-json\/wp\/v2\/users\/2"}],"replies":[{"embeddable":true,"href":"https:\/\/www.r2cpress.com.br\/v1\/wp-json\/wp\/v2\/comments?post=35405"}],"version-history":[{"count":4,"href":"https:\/\/www.r2cpress.com.br\/v1\/wp-json\/wp\/v2\/posts\/35405\/revisions"}],"predecessor-version":[{"id":35409,"href":"https:\/\/www.r2cpress.com.br\/v1\/wp-json\/wp\/v2\/posts\/35405\/revisions\/35409"}],"wp:attachment":[{"href":"https:\/\/www.r2cpress.com.br\/v1\/wp-json\/wp\/v2\/media?parent=35405"}],"wp:term":[{"taxonomy":"category","embeddable":true,"href":"https:\/\/www.r2cpress.com.br\/v1\/wp-json\/wp\/v2\/categories?post=35405"},{"taxonomy":"post_tag","embeddable":true,"href":"https:\/\/www.r2cpress.com.br\/v1\/wp-json\/wp\/v2\/tags?post=35405"}],"curies":[{"name":"wp","href":"https:\/\/api.w.org\/{rel}","templated":true}]}}