{"id":35522,"date":"2012-02-06T19:06:38","date_gmt":"2012-02-06T21:06:38","guid":{"rendered":"http:\/\/www.r2cpress.com.br\/v1\/?p=35522"},"modified":"2012-02-07T15:11:00","modified_gmt":"2012-02-07T17:11:00","slug":"nota-de-esclarecimento-7","status":"publish","type":"post","link":"https:\/\/www.r2cpress.com.br\/v1\/2012\/02\/06\/nota-de-esclarecimento-7\/","title":{"rendered":"Nota de Esclarecimento"},"content":{"rendered":"<p><center><a href=\"http:\/\/www.r2cpress.com.br\/v1\/wp-content\/uploads\/diocese_02.jpg\"><img loading=\"lazy\" class=\"aligncenter  wp-image-35614\" title=\"diocese_02\" src=\"http:\/\/www.r2cpress.com.br\/v1\/wp-content\/uploads\/diocese_02.jpg\" alt=\"\" width=\"125\" height=\"163\" \/><\/a><\/center><br \/>\nDom Mauro Montagnoli, CSS, Bispo da Diocese de Ilh\u00e9us, para \u201co maior bem das almas\u201d, vem a p\u00fablico esclarecer o que segue:<\/p>\n<p style=\"text-align: justify;\">\n1. O senhor Nildemar Andrade Santos, RG 2482433 SSP\/BA e CPF 182038175-72, est\u00e1 suspenso de todos os atos do poder de ordem e de regime e do exerc\u00edcio das fun\u00e7\u00f5es inerentes ao of\u00edcio de padre, e se demitiu do seu estado clerical na nossa Igreja Cat\u00f3lica Apost\u00f3lica Romana, e est\u00e1 impedido de celebrar os sacramentos e os sacramentais.<\/p>\n<p style=\"text-align: justify;\">\n2. Ele se filiou \u00e0 Igreja Cat\u00f3lica Apost\u00f3lica de Comunh\u00e3o Anglicana do Cone Sul da Am\u00e9rica, Diocese do Recife, que \u00e9 uma dissid\u00eancia da Igreja Episcopal Anglicana do Brasil, a leg\u00edtima representante dos anglicanos no Brasil.<\/p>\n<p style=\"text-align: justify;\">\n2. A Igreja Cat\u00f3lica Apost\u00f3lica de Comunh\u00e3o Anglicana n\u00e3o \u00e9 a mesma coisa que a Igreja Cat\u00f3lica Apost\u00f3lica Romana. Ela \u00e9 um cisma, uma separa\u00e7\u00e3o.<\/p>\n<p style=\"text-align: justify;\">\n3. Cisma \u00e9 a recusa de sujei\u00e7\u00e3o ao Sumo Pont\u00edfice, o Papa, ou de comunh\u00e3o com os membros da Igreja a ele sujeitos, os bispos, de acordo com o c\u00e2non 751 do C\u00f3digo de Direito Can\u00f4nico.<\/p>\n<p style=\"text-align: justify;\">4. O cism\u00e1tico incorre em excomunh\u00e3o latae sententiae, de acordo com o c\u00e2non 1364 \u00a7 1. Quem comete esse ato \u00e9 excomungado, isto \u00e9, fica automaticamente fora da comunh\u00e3o eclesial.<\/p>\n<p style=\"text-align: justify;\">5. O senhor Nildemar Andrade Santos praticou o cisma. Ele est\u00e1 fora da comunh\u00e3o com o Papa e o Bispo diocesano.<\/p>\n<p style=\"text-align: justify;\">6. Quem o segue tamb\u00e9m incorre em excomunh\u00e3o porque est\u00e1 abandonando a f\u00e9 cat\u00f3lica e aderindo a outra confiss\u00e3o religiosa.<\/p>\n<p style=\"text-align: justify;\">7. Quem participa das celebra\u00e7\u00f5es promovidas pelo senhor Nildemar Andrade Santos est\u00e1 impedido de receber os sacramentos, ser padrinho ou madrinha de batismo, crisma e matrim\u00f4nio, e de exercer qualquer of\u00edcio como ministro extraordin\u00e1rio da sagrada comunh\u00e3o ou da palavra, coordenador ou coordenadora de associa\u00e7\u00e3o religiosa, movimento ou pastoral na nossa Igreja Cat\u00f3lica Apost\u00f3lica Romana.<\/p>\n<p style=\"text-align: justify;\">Jesus fala no evangelho que aquele que n\u00e3o der ouvidos \u00e0 igreja, \u201cseja tratado como se fosse um pag\u00e3o ou publicano\u201d (Mt 18,17). S\u00e3o Paulo na carta aos romanos diz: \u201cRogo-vos, irm\u00e3os, acautelai-vos dos que provocam dissens\u00f5es e esc\u00e2ndalos, contrariando o ensinamento que aprendestes; afastai-vos deles. Esses tais n\u00e3o servem a Cristo, nosso Senhor, mas ao pr\u00f3prio ventre. Com um palavreado bonito e lisonjeiro, enganam os simples\u201d (Rm 16,17-18). E S\u00e3o Jo\u00e3o escreve: \u201cSe algu\u00e9m chega at\u00e9 v\u00f3s trazendo outra doutrina que n\u00e3o esta, n\u00e3o o recebais em casa, nem o cumprimenteis. Pois quem o cumprimenta participa de suas obras m\u00e1s\u201d (2Jo 10-11).<\/p>\n<p style=\"text-align: justify;\">Esta nota seja lida em todas as par\u00f3quias e comunidades na diocese de Ilh\u00e9us e afixada na c\u00faria diocesana e em todas as igrejas e capelas.<br \/>\nIlh\u00e9us, 06 de fevereiro de 2012<\/p>\n<p><em>\u00a0\u00a0\u00a0\u00a0\u00a0\u00a0\u00a0\u00a0\u00a0\u00a0\u00a0\u00a0\u00a0\u00a0\u00a0\u00a0\u00a0\u00a0\u00a0\u00a0\u00a0\u00a0\u00a0\u00a0\u00a0\u00a0\u00a0\u00a0\u00a0\u00a0\u00a0\u00a0\u00a0\u00a0\u00a0\u00a0\u00a0\u00a0\u00a0\u00a0\u00a0\u00a0\u00a0\u00a0\u00a0\u00a0\u00a0\u00a0\u00a0\u00a0\u00a0\u00a0\u00a0\u00a0\u00a0\u00a0\u00a0\u00a0\u00a0\u00a0\u00a0\u00a0\u00a0\u00a0\u00a0 Dom Mauro Montagnoli CSS<\/em><br \/>\n<em>\u00a0\u00a0\u00a0\u00a0\u00a0\u00a0\u00a0\u00a0\u00a0\u00a0\u00a0\u00a0\u00a0\u00a0\u00a0\u00a0\u00a0\u00a0\u00a0\u00a0\u00a0\u00a0\u00a0\u00a0\u00a0\u00a0\u00a0\u00a0\u00a0\u00a0\u00a0\u00a0\u00a0\u00a0\u00a0\u00a0\u00a0\u00a0\u00a0\u00a0\u00a0\u00a0\u00a0\u00a0\u00a0\u00a0\u00a0\u00a0\u00a0\u00a0\u00a0\u00a0\u00a0\u00a0\u00a0\u00a0\u00a0\u00a0\u00a0\u00a0\u00a0\u00a0\u00a0\u00a0\u00a0\u00a0\u00a0 Bispo diocesano de Ilh\u00e9us<\/em><\/p>\n<p>&#8212;<br \/>\n<strong><\/strong><\/p>\n<p><center>Espa\u00e7o aberto para o citado &#8211; querendo &#8211; se manifestar.<\/center><\/p>\n","protected":false},"excerpt":{"rendered":"<p>Dom Mauro Montagnoli, CSS, Bispo da Diocese de Ilh\u00e9us, para \u201co maior bem das almas\u201d, vem a p\u00fablico esclarecer o que segue: 1. O senhor Nildemar Andrade Santos, RG 2482433 SSP\/BA e CPF 182038175-72, est\u00e1 suspenso de todos os atos do poder de ordem e de regime e do exerc\u00edcio das fun\u00e7\u00f5es inerentes ao of\u00edcio [&hellip;]<\/p>\n","protected":false},"author":2,"featured_media":0,"comment_status":"open","ping_status":"open","sticky":false,"template":"","format":"standard","meta":{"_links_to":"","_links_to_target":""},"categories":[14],"tags":[],"_links":{"self":[{"href":"https:\/\/www.r2cpress.com.br\/v1\/wp-json\/wp\/v2\/posts\/35522"}],"collection":[{"href":"https:\/\/www.r2cpress.com.br\/v1\/wp-json\/wp\/v2\/posts"}],"about":[{"href":"https:\/\/www.r2cpress.com.br\/v1\/wp-json\/wp\/v2\/types\/post"}],"author":[{"embeddable":true,"href":"https:\/\/www.r2cpress.com.br\/v1\/wp-json\/wp\/v2\/users\/2"}],"replies":[{"embeddable":true,"href":"https:\/\/www.r2cpress.com.br\/v1\/wp-json\/wp\/v2\/comments?post=35522"}],"version-history":[{"count":5,"href":"https:\/\/www.r2cpress.com.br\/v1\/wp-json\/wp\/v2\/posts\/35522\/revisions"}],"predecessor-version":[{"id":35613,"href":"https:\/\/www.r2cpress.com.br\/v1\/wp-json\/wp\/v2\/posts\/35522\/revisions\/35613"}],"wp:attachment":[{"href":"https:\/\/www.r2cpress.com.br\/v1\/wp-json\/wp\/v2\/media?parent=35522"}],"wp:term":[{"taxonomy":"category","embeddable":true,"href":"https:\/\/www.r2cpress.com.br\/v1\/wp-json\/wp\/v2\/categories?post=35522"},{"taxonomy":"post_tag","embeddable":true,"href":"https:\/\/www.r2cpress.com.br\/v1\/wp-json\/wp\/v2\/tags?post=35522"}],"curies":[{"name":"wp","href":"https:\/\/api.w.org\/{rel}","templated":true}]}}