{"id":35535,"date":"2012-02-06T19:25:17","date_gmt":"2012-02-06T21:25:17","guid":{"rendered":"http:\/\/www.r2cpress.com.br\/v1\/?p=35535"},"modified":"2012-02-06T19:25:17","modified_gmt":"2012-02-06T21:25:17","slug":"nota-de-esclarecimento-8","status":"publish","type":"post","link":"https:\/\/www.r2cpress.com.br\/v1\/2012\/02\/06\/nota-de-esclarecimento-8\/","title":{"rendered":"Nota de esclarecimento"},"content":{"rendered":"<p>Preocupada com a seguran\u00e7a de sua comunidade acad\u00eamica, a UNIME resolveu suspender suas aulas durante esta semana, enquanto perdurar a greve policial na Bahia. A institui\u00e7\u00e3o informa que as aulas ser\u00e3o retomadas no primeiro dia letivo posterior ao t\u00e9rmino da greve. Durante esse per\u00edodo, atividades internas como matr\u00edculas, rematr\u00edculas e atendimento geral ocorrer\u00e3o normalmente, das 9h \u00e0s 17h30.<br \/>\nNovo comunicado ser\u00e1 enviado assim que houver data prevista para o in\u00edcio das aulas. <\/p>\n","protected":false},"excerpt":{"rendered":"<p>Preocupada com a seguran\u00e7a de sua comunidade acad\u00eamica, a UNIME resolveu suspender suas aulas durante esta semana, enquanto perdurar a greve policial na Bahia. A institui\u00e7\u00e3o informa que as aulas ser\u00e3o retomadas no primeiro dia letivo posterior ao t\u00e9rmino da greve. Durante esse per\u00edodo, atividades internas como matr\u00edculas, rematr\u00edculas e atendimento geral ocorrer\u00e3o normalmente, das [&hellip;]<\/p>\n","protected":false},"author":2,"featured_media":0,"comment_status":"open","ping_status":"open","sticky":false,"template":"","format":"standard","meta":{"_links_to":"","_links_to_target":""},"categories":[8],"tags":[],"_links":{"self":[{"href":"https:\/\/www.r2cpress.com.br\/v1\/wp-json\/wp\/v2\/posts\/35535"}],"collection":[{"href":"https:\/\/www.r2cpress.com.br\/v1\/wp-json\/wp\/v2\/posts"}],"about":[{"href":"https:\/\/www.r2cpress.com.br\/v1\/wp-json\/wp\/v2\/types\/post"}],"author":[{"embeddable":true,"href":"https:\/\/www.r2cpress.com.br\/v1\/wp-json\/wp\/v2\/users\/2"}],"replies":[{"embeddable":true,"href":"https:\/\/www.r2cpress.com.br\/v1\/wp-json\/wp\/v2\/comments?post=35535"}],"version-history":[{"count":2,"href":"https:\/\/www.r2cpress.com.br\/v1\/wp-json\/wp\/v2\/posts\/35535\/revisions"}],"predecessor-version":[{"id":35537,"href":"https:\/\/www.r2cpress.com.br\/v1\/wp-json\/wp\/v2\/posts\/35535\/revisions\/35537"}],"wp:attachment":[{"href":"https:\/\/www.r2cpress.com.br\/v1\/wp-json\/wp\/v2\/media?parent=35535"}],"wp:term":[{"taxonomy":"category","embeddable":true,"href":"https:\/\/www.r2cpress.com.br\/v1\/wp-json\/wp\/v2\/categories?post=35535"},{"taxonomy":"post_tag","embeddable":true,"href":"https:\/\/www.r2cpress.com.br\/v1\/wp-json\/wp\/v2\/tags?post=35535"}],"curies":[{"name":"wp","href":"https:\/\/api.w.org\/{rel}","templated":true}]}}