{"id":35763,"date":"2012-02-08T19:22:27","date_gmt":"2012-02-08T21:22:27","guid":{"rendered":"http:\/\/www.r2cpress.com.br\/v1\/?p=35763"},"modified":"2012-02-08T19:22:27","modified_gmt":"2012-02-08T21:22:27","slug":"deputados-baianos-reconhecem-acoes-do-estado-para-encerrar-paralisacao-da-pm","status":"publish","type":"post","link":"https:\/\/www.r2cpress.com.br\/v1\/2012\/02\/08\/deputados-baianos-reconhecem-acoes-do-estado-para-encerrar-paralisacao-da-pm\/","title":{"rendered":"Deputados baianos reconhecem a\u00e7\u00f5es do Estado para encerrar paralisa\u00e7\u00e3o da PM"},"content":{"rendered":"<p>Uma comiss\u00e3o, formada por 12 deputados federais e a senadora L\u00eddice da Mata, esteve na Governadoria na tarde desta quarta-feira (8) para apoiar a posi\u00e7\u00e3o do governador Jaques Wagner em rela\u00e7\u00e3o \u00e0s negocia\u00e7\u00f5es para o fim da paralisa\u00e7\u00e3o parcial de policiais militares.<\/p>\n<p>O deputado federal Nelson Pelegrino disse que a comiss\u00e3o de parlamentares tem ci\u00eancia do esfor\u00e7o que o Estado faz para atender as reivindica\u00e7\u00f5es da PM. \u201cReconhecemos o esfor\u00e7o do Governo do da Bahia na busca da valoriza\u00e7\u00e3o profissional e salarial da Pol\u00edcia Militar. Nos \u00faltimos quatro anos, por exemplo, os pra\u00e7as obtiveram ganho real em seus sal\u00e1rios e foram adquiridos novos equipamentos, como coletes, armamentos, e viaturas. Foram contratados ainda mais oito mil policiais\u201d.<\/p>\n<p>&#8212;<br \/>\nSECOM\/BAHIA\/R\u00c1DIO<\/p>\n","protected":false},"excerpt":{"rendered":"<p>Uma comiss\u00e3o, formada por 12 deputados federais e a senadora L\u00eddice da Mata, esteve na Governadoria na tarde desta quarta-feira (8) para apoiar a posi\u00e7\u00e3o do governador Jaques Wagner em rela\u00e7\u00e3o \u00e0s negocia\u00e7\u00f5es para o fim da paralisa\u00e7\u00e3o parcial de policiais militares. O deputado federal Nelson Pelegrino disse que a comiss\u00e3o de parlamentares tem ci\u00eancia [&hellip;]<\/p>\n","protected":false},"author":2,"featured_media":0,"comment_status":"open","ping_status":"open","sticky":false,"template":"","format":"standard","meta":{"_links_to":"","_links_to_target":""},"categories":[29],"tags":[],"_links":{"self":[{"href":"https:\/\/www.r2cpress.com.br\/v1\/wp-json\/wp\/v2\/posts\/35763"}],"collection":[{"href":"https:\/\/www.r2cpress.com.br\/v1\/wp-json\/wp\/v2\/posts"}],"about":[{"href":"https:\/\/www.r2cpress.com.br\/v1\/wp-json\/wp\/v2\/types\/post"}],"author":[{"embeddable":true,"href":"https:\/\/www.r2cpress.com.br\/v1\/wp-json\/wp\/v2\/users\/2"}],"replies":[{"embeddable":true,"href":"https:\/\/www.r2cpress.com.br\/v1\/wp-json\/wp\/v2\/comments?post=35763"}],"version-history":[{"count":2,"href":"https:\/\/www.r2cpress.com.br\/v1\/wp-json\/wp\/v2\/posts\/35763\/revisions"}],"predecessor-version":[{"id":35765,"href":"https:\/\/www.r2cpress.com.br\/v1\/wp-json\/wp\/v2\/posts\/35763\/revisions\/35765"}],"wp:attachment":[{"href":"https:\/\/www.r2cpress.com.br\/v1\/wp-json\/wp\/v2\/media?parent=35763"}],"wp:term":[{"taxonomy":"category","embeddable":true,"href":"https:\/\/www.r2cpress.com.br\/v1\/wp-json\/wp\/v2\/categories?post=35763"},{"taxonomy":"post_tag","embeddable":true,"href":"https:\/\/www.r2cpress.com.br\/v1\/wp-json\/wp\/v2\/tags?post=35763"}],"curies":[{"name":"wp","href":"https:\/\/api.w.org\/{rel}","templated":true}]}}