{"id":3577,"date":"2010-12-02T22:10:19","date_gmt":"2010-12-03T01:10:19","guid":{"rendered":"http:\/\/www.r2cpress.com.br\/v1\/?p=3577"},"modified":"2010-12-02T22:10:19","modified_gmt":"2010-12-03T01:10:19","slug":"judicializacao-da-medicina","status":"publish","type":"post","link":"https:\/\/www.r2cpress.com.br\/v1\/2010\/12\/02\/judicializacao-da-medicina\/","title":{"rendered":"Judicializa\u00e7\u00e3o da Medicina"},"content":{"rendered":"<p><div id=\"attachment_3578\" style=\"width: 310px\" class=\"wp-caption alignright\"><a href=\"http:\/\/www.r2cpress.com.br\/v1\/wp-content\/uploads\/Jos\u00e9-Luiz-Gomes-do-Amaral-22.jpg\"><img aria-describedby=\"caption-attachment-3578\" loading=\"lazy\" src=\"http:\/\/www.r2cpress.com.br\/v1\/wp-content\/uploads\/Jos\u00e9-Luiz-Gomes-do-Amaral-22-300x199.jpg\" alt=\"\" title=\"Jos\u00e9 Luiz Gomes do Amaral (22)\" width=\"300\" height=\"199\" class=\"size-medium wp-image-3578\" srcset=\"https:\/\/www.r2cpress.com.br\/v1\/wp-content\/uploads\/Jos\u00e9-Luiz-Gomes-do-Amaral-22-300x199.jpg 300w, https:\/\/www.r2cpress.com.br\/v1\/wp-content\/uploads\/Jos\u00e9-Luiz-Gomes-do-Amaral-22.jpg 400w\" sizes=\"(max-width: 300px) 100vw, 300px\" \/><\/a><p id=\"caption-attachment-3578\" class=\"wp-caption-text\">Jos\u00e9 Luiz Gomes do Amaral, presidente da Associa\u00e7\u00e3o M\u00e9dica Brasileira<\/p><\/div>Levantamento do Conselho Nacional de Justi\u00e7a mostrou que em 20 dos 91 tribunais brasileiros existem mais de 112 mil processos sobre demandas de sa\u00fade. Esses dados evidenciam a falta de credibilidade dos sistemas de sa\u00fade brasileiros. No \u00e2mbito p\u00fablico, a insist\u00eancia de que tudo se oferece contrasta com o pouco que se tem e a reiterada resist\u00eancia em encarar a falta de recursos. As indisfar\u00e7\u00e1veis tentativas de distorcer a realidade por meio da manipula\u00e7\u00e3o da informa\u00e7\u00e3o e interfer\u00eancia na pr\u00e1tica cl\u00ednica criam inconsist\u00eancias \u00f3bvias.<\/p>\n<p>Por outro lado, os planos de sa\u00fade, enredados em processo concorrencial predat\u00f3rio, vendem igualmente o que n\u00e3o tem. Impossibilitados de entregar o prometido, voltam-se contra os prestadores de servi\u00e7os, pressionando-os a aderir a padr\u00f5es de aten\u00e7\u00e3o incompat\u00edveis com a ci\u00eancia e a \u00e9tica. Vinte e dois anos de pratica de SUS e onze anos de regulamenta\u00e7\u00e3o (t\u00edmida e parcial) da sa\u00fade suplementar n\u00e3o foram suficientes para corrigir v\u00edcios e construir um plano de a\u00e7\u00f5es que fa\u00e7a, de fato, boas ideias sa\u00edrem do papel.<\/p>\n<p><!--more--><\/p>\n<p>H\u00e1 cerca de uma d\u00e9cada a Associa\u00e7\u00e3o M\u00e9dica Brasileira (AMB) trabalha pela ado\u00e7\u00e3o integral da Classifica\u00e7\u00e3o Brasileira Hierarquizada de Procedimentos M\u00e9dicos (CBHPM). Revisada regularmente pelas Sociedades de Especialidade, a CBHPM lista os procedimentos m\u00e9dicos adequados no uso clinico. Para beneficiar os pacientes atendidos, considera-se a efic\u00e1cia e a seguran\u00e7a, eliminando alternativas obsoletas e aquelas ainda em experimenta\u00e7\u00e3o.<\/p>\n<p>Paralelamente a essa iniciativa, o Projeto Diretrizes, tamb\u00e9m desenvolvido pela AMB, busca definir, com base nas melhores evid\u00eancias cient\u00edficas, quando e como realizar os procedimentos m\u00e9dicos listados na CBHPM. At\u00e9 o momento foram publicadas 320 diretrizes que apoiam a decis\u00e3o cl\u00ednica, sem ofender a individualiza\u00e7\u00e3o dos cuidados e a independ\u00eancia, valores inalien\u00e1veis a pr\u00e1tica m\u00e9dica.<\/p>\n<p>Enquanto guiados pela l\u00f3gica da conten\u00e7\u00e3o de recursos, gestores pol\u00edticos e empres\u00e1rios da sa\u00fade suplementar t\u00eam rejeitado sistematicamente a transpar\u00eancia e a evid\u00eancia cient\u00edfica. V\u00ea-se, portanto, a Justi\u00e7a obrigada a intervir em prol dos interesses da sociedade. Op\u00f5em-se paradoxalmente os que deveriam a ela antecipar-se.<\/p>\n<p>A AMB coloca-se \u00e0 disposi\u00e7\u00e3o do Poder Judici\u00e1rio em defesa da qualidade da aten\u00e7\u00e3o \u00e0 sa\u00fade.<\/p>\n<p>    * Jos\u00e9 Luiz Gomes do Amaral, presidente da Associa\u00e7\u00e3o M\u00e9dica Brasileira<\/p>\n","protected":false},"excerpt":{"rendered":"<p>Levantamento do Conselho Nacional de Justi\u00e7a mostrou que em 20 dos 91 tribunais brasileiros existem mais de 112 mil processos sobre demandas de sa\u00fade. Esses dados evidenciam a falta de credibilidade dos sistemas de sa\u00fade brasileiros. No \u00e2mbito p\u00fablico, a insist\u00eancia de que tudo se oferece contrasta com o pouco que se tem e a [&hellip;]<\/p>\n","protected":false},"author":2,"featured_media":0,"comment_status":"open","ping_status":"open","sticky":false,"template":"","format":"standard","meta":{"_links_to":"","_links_to_target":""},"categories":[24],"tags":[],"_links":{"self":[{"href":"https:\/\/www.r2cpress.com.br\/v1\/wp-json\/wp\/v2\/posts\/3577"}],"collection":[{"href":"https:\/\/www.r2cpress.com.br\/v1\/wp-json\/wp\/v2\/posts"}],"about":[{"href":"https:\/\/www.r2cpress.com.br\/v1\/wp-json\/wp\/v2\/types\/post"}],"author":[{"embeddable":true,"href":"https:\/\/www.r2cpress.com.br\/v1\/wp-json\/wp\/v2\/users\/2"}],"replies":[{"embeddable":true,"href":"https:\/\/www.r2cpress.com.br\/v1\/wp-json\/wp\/v2\/comments?post=3577"}],"version-history":[{"count":2,"href":"https:\/\/www.r2cpress.com.br\/v1\/wp-json\/wp\/v2\/posts\/3577\/revisions"}],"predecessor-version":[{"id":3580,"href":"https:\/\/www.r2cpress.com.br\/v1\/wp-json\/wp\/v2\/posts\/3577\/revisions\/3580"}],"wp:attachment":[{"href":"https:\/\/www.r2cpress.com.br\/v1\/wp-json\/wp\/v2\/media?parent=3577"}],"wp:term":[{"taxonomy":"category","embeddable":true,"href":"https:\/\/www.r2cpress.com.br\/v1\/wp-json\/wp\/v2\/categories?post=3577"},{"taxonomy":"post_tag","embeddable":true,"href":"https:\/\/www.r2cpress.com.br\/v1\/wp-json\/wp\/v2\/tags?post=3577"}],"curies":[{"name":"wp","href":"https:\/\/api.w.org\/{rel}","templated":true}]}}