{"id":35861,"date":"2012-02-10T10:23:31","date_gmt":"2012-02-10T12:23:31","guid":{"rendered":"http:\/\/www.r2cpress.com.br\/v1\/?p=35861"},"modified":"2012-02-10T10:26:00","modified_gmt":"2012-02-10T12:26:00","slug":"reuniao-da-associacao-dos-oficiais-da-pmba","status":"publish","type":"post","link":"https:\/\/www.r2cpress.com.br\/v1\/2012\/02\/10\/reuniao-da-associacao-dos-oficiais-da-pmba\/","title":{"rendered":"Reuni\u00e3o da Associa\u00e7\u00e3o dos Oficiais da PMBA"},"content":{"rendered":"<p>De: &#8230;&#8230;&#8230;&#8230;&#8230;&#8230;&#8230;&#8230;&#8230;&#8230;&#8230;&#8230;&#8230;&#8230;&#8230;..<br \/>\nAssunto: Reuni\u00e3o da Associa\u00e7\u00e3o dos Oficiais da PMBA<\/p>\n<p>Corpo da mensagem:<br \/>\nNota sobre a Assembl\u00e9ia Extraordin\u00e1ria (09Fev) da AOPMBA &#8211; For\u00e7a Invicta<br \/>\nSex, 10 de Fevereiro de 2012 07:00. | \u00daltima atualiza\u00e7\u00e3o em Sex, 10 de Fevereiro de 2012 08:33. | Escrito por Presidente da AOPMBA. |  |  |<\/p>\n<p><center><strong>Assembleia extraordin\u00e1ria da AOPMBA decide n\u00e3o suspender suas atividades.<\/strong><\/center><\/p>\n<p>Ap\u00f3s assembl\u00e9ia extraordin\u00e1ria realizada na noite de ontem (9), no audit\u00f3rio do Hotel Fiesta, a Associa\u00e7\u00e3o dos Oficiais da Pol\u00edcia Militar da Bahia (AOPMBA), vem informar que, por delibera\u00e7\u00e3o de seus associados, resolveu n\u00e3o suspender as suas atividades, em RESPEITO AO POVO DA NOSSA QUERIDA BAHIA E \u00c0 GLORIOSA POL\u00cdCIA MILITAR.<\/p>\n<p>Apesar da proposta salarial apresentada pelo Governo do Estado n\u00e3o atender aos anseios da nossa categoria, as reivindica\u00e7\u00f5es salariais deste movimento s\u00e3o justas e leg\u00edtimas e ser\u00e3o negociadas, a partir de agora, numa mesa de negocia\u00e7\u00e3o permanente com a participa\u00e7\u00e3o de representantes do governo, da Pol\u00edcia Militar e das Associa\u00e7\u00f5es de Oficiais e Pra\u00e7as.<\/p>\n<p>O evento que come\u00e7ou \u00e0s 19h, contou com a presen\u00e7a do presidente da Federa\u00e7\u00e3o Nacional de Entidades de Oficiais Militares Estaduais ( FENEME ), Cel PMSC Marlon Jorge Teza, do Diretor de Rela\u00e7\u00f5es Institucionais e Advogado da FENEME \u2013 Cel PMESP Elias Miller da Silva e do Comandante Geral, Coronel  Alfredo Castro.<\/p>\n<p>Durante a assembl\u00e9ia, o Diretor de Rela\u00e7\u00f5es Institucionais e Advogado da FENEME, Coronel Miller, levantou discuss\u00f5es sobre aspectos jur\u00eddicos e t\u00e9cnicos do que tem acontecido na greve dos PMs,  de direitos e prerrogativas, e tamb\u00e9m  das obriga\u00e7\u00f5es e veda\u00e7\u00f5es constitucionais.<\/p>\n<p>Na oportunidade, a Associa\u00e7\u00e3o dos Oficiais da Pol\u00edcia Militar da Bahia \u2013 FOR\u00c7A INVICTA ainda esclarece o seguinte: 1) que este movimento n\u00e3o fora deflagrado por nossa entidade. Ao contr\u00e1rio, desde o primeiro instante, fomos convidados pelo Exm\u00ba. Sr. Cel PM Castro, nosso Comandante Geral, para mediar as negocia\u00e7\u00f5es visando por fim ao conflito existente; 2) Que a ades\u00e3o da tropa, em todo nosso estado, deixou evidenciado o que esta Associa\u00e7\u00e3o vem, h\u00e1 algum tempo, denunciando \u00e0 sociedade baiana: A INSATISFA\u00c7\u00c3O GENERALIZADA NA CORPORA\u00c7\u00c3O EM FUN\u00c7\u00c3O DO DESRESPEITO POR PARTE DO GOVERNO DO ESTADO AOS DIREITOS DO PROFISSIONAL POLICIAL MILITAR e, sobretudo, ao acordo assinado em 11 de agosto de 2009, publicado no D.O.E. do dia seguinte, para SUSPENDER O MOVIMENTO DENOMINADO POL\u00cdCIA LEGAL que, inclusive, deixaram seus leg\u00edtimos representantes em posi\u00e7\u00e3o desconfort\u00e1vel perante seus liderados; 3) Que ser\u00e3o adotadas medidas judiciais cab\u00edveis pela Federa\u00e7\u00e3o Nacional de Entidades de Oficiais Militares Estaduais \u2013 FENEME, em conjunto com a For\u00e7a Invicta, para apurar quaisquer abusos cometidos pelo Estado durante este movimento;4) Por fim, agradecemos a participa\u00e7\u00e3o do Arcebispo Primaz do Brasil, Dom Murilo Krieger,  representantes da OAB, Defensoria P\u00fablica, Tribunal de Justi\u00e7a durante as \u00faltimas reuni\u00f5es realizadas pela mesa de negocia\u00e7\u00e3o. Tamb\u00e9m uma refer\u00eancia especial ao Gen EB Gon\u00e7alves Dias, Cmt da 6\u00aa Regi\u00e3o Militar, pelo senso de profissionalismo e respeito \u00e0 nossa Institui\u00e7\u00e3o.<\/p>\n<p>FOR\u00c7A INVICTA<br \/>\nAssocia\u00e7\u00e3o dos Oficiais da Pol\u00edcia Militar da Bahia<br \/>\nCriada em 18 de Setembro de 2004 \u2013 CNPJ n.\u00ba 07.139.638.0001-57<\/p>\n<p>&#8212;<br \/>\nEsta mensagem foi enviada atrav\u00e9s do formul\u00e1rio de contato do site R2CPRESS | A Letra Fria da Verdade http:\/\/www.r2cpress.com.br\/v1<\/p>\n","protected":false},"excerpt":{"rendered":"<p>De: &#8230;&#8230;&#8230;&#8230;&#8230;&#8230;&#8230;&#8230;&#8230;&#8230;&#8230;&#8230;&#8230;&#8230;&#8230;.. Assunto: Reuni\u00e3o da Associa\u00e7\u00e3o dos Oficiais da PMBA Corpo da mensagem: Nota sobre a Assembl\u00e9ia Extraordin\u00e1ria (09Fev) da AOPMBA &#8211; For\u00e7a Invicta Sex, 10 de Fevereiro de 2012 07:00. | \u00daltima atualiza\u00e7\u00e3o em Sex, 10 de Fevereiro de 2012 08:33. | Escrito por Presidente da AOPMBA. | | | Assembleia extraordin\u00e1ria da AOPMBA [&hellip;]<\/p>\n","protected":false},"author":2,"featured_media":0,"comment_status":"open","ping_status":"open","sticky":false,"template":"","format":"standard","meta":{"_links_to":"","_links_to_target":""},"categories":[25],"tags":[],"_links":{"self":[{"href":"https:\/\/www.r2cpress.com.br\/v1\/wp-json\/wp\/v2\/posts\/35861"}],"collection":[{"href":"https:\/\/www.r2cpress.com.br\/v1\/wp-json\/wp\/v2\/posts"}],"about":[{"href":"https:\/\/www.r2cpress.com.br\/v1\/wp-json\/wp\/v2\/types\/post"}],"author":[{"embeddable":true,"href":"https:\/\/www.r2cpress.com.br\/v1\/wp-json\/wp\/v2\/users\/2"}],"replies":[{"embeddable":true,"href":"https:\/\/www.r2cpress.com.br\/v1\/wp-json\/wp\/v2\/comments?post=35861"}],"version-history":[{"count":4,"href":"https:\/\/www.r2cpress.com.br\/v1\/wp-json\/wp\/v2\/posts\/35861\/revisions"}],"predecessor-version":[{"id":35865,"href":"https:\/\/www.r2cpress.com.br\/v1\/wp-json\/wp\/v2\/posts\/35861\/revisions\/35865"}],"wp:attachment":[{"href":"https:\/\/www.r2cpress.com.br\/v1\/wp-json\/wp\/v2\/media?parent=35861"}],"wp:term":[{"taxonomy":"category","embeddable":true,"href":"https:\/\/www.r2cpress.com.br\/v1\/wp-json\/wp\/v2\/categories?post=35861"},{"taxonomy":"post_tag","embeddable":true,"href":"https:\/\/www.r2cpress.com.br\/v1\/wp-json\/wp\/v2\/tags?post=35861"}],"curies":[{"name":"wp","href":"https:\/\/api.w.org\/{rel}","templated":true}]}}