{"id":35893,"date":"2012-02-10T12:28:48","date_gmt":"2012-02-10T14:28:48","guid":{"rendered":"http:\/\/www.r2cpress.com.br\/v1\/?p=35893"},"modified":"2012-02-10T12:28:48","modified_gmt":"2012-02-10T14:28:48","slug":"segundo-comando-geral-da-pm-greve-terminou-na-bahia-grevistas-negam","status":"publish","type":"post","link":"https:\/\/www.r2cpress.com.br\/v1\/2012\/02\/10\/segundo-comando-geral-da-pm-greve-terminou-na-bahia-grevistas-negam\/","title":{"rendered":"Segundo Comando Geral da PM, greve terminou na Bahia; grevistas negam"},"content":{"rendered":"<h3>A declara\u00e7\u00e3o foi feita pelo comandante geral, coronel Alfredo Castro<\/h3>\n<p>Em entrevista coletiva realizada no final da manh\u00e3 desta sexta-feira (10), o comandante geral da Pol\u00edcia Militar da Bahia, coronel Alfredo Castro, afirmou que a greve da policiais e bombeiros militares terminou. De acordo com ele, o policiamento na ruas at\u00e9 \u00e0s 9h era de cerca de 85% do efetivo. Para o Comando Geral, o retorno das atividades dever\u00e1 ser normalizado gradativamente nos pr\u00f3ximos dias.<\/p>\n<p>Apesar do comunicado, o movimento grevista s\u00f3 dever\u00e1 definir os rumos na assembleia da categoria marcada para acontecer \u00e0s 16h, no gin\u00e1sio de Esportes do Sindicato dos Banc\u00e1rios, no Largo dos Aflitos. At\u00e9 que o plen\u00e1rio delibere, os membros das Associa\u00e7\u00e3o dos Cabos e Soldados (APPM), da Associa\u00e7\u00e3o de Policiais e Bombeiros do Estado da Bahia (APRA) e da Associa\u00e7\u00e3o de Sargentos e Sub-tenentes de Pol\u00edcia Militar permanecem em greve.<\/p>\n<p>Na noite de quinta-feira (09), a Associa\u00e7\u00e3o dos Oficiais da Pol\u00edcia Militar da Bahia, em reuni\u00e3o no Hotel Fiesta, decidiu n\u00e3o aderir \u00e0 greve, mesmo entendendo que a proposta do governo n\u00e3o atende \u00e0s necessidades da categoria. Para a AOPM\/BA, estender a greve faria a popula\u00e7\u00e3o sofrer ainda mais.<\/p>\n<p>O principal impasse entre policiais militares e o governo \u00e9 o pagamento imediato da GAP IV (Gratifica\u00e7\u00e3o de Atividade de Policial) e o pagamento da GAP V para mar\u00e7o de 2013.\u00a0 O governador Jaques Wagner afirmou que o pagamento das gratifica\u00e7\u00f5es s\u00f3 poderiam ser feitos a partir de novembro e de forma escalonada. A proposta do governo \u00e9 o aumento de 6,5% da remunera\u00e7\u00e3o retroativo ao m\u00eas de janeiro deste ano.<\/p>\n<p><strong>Fim da greve no interior da Bahia<br \/>\n<\/strong>Sete munic\u00edpios do interior da Bahia decidiram encerrar a greve da Pol\u00edcia Militar na manh\u00e3 desta quinta-feira (9), segundo informa\u00e7\u00f5es do comandante da 34\u00aa Companhia Independente da Pol\u00edcia Militar (CIPM) de Brumado, o major Arthur Mascarenhas. A decis\u00e3o foi tomada por volta das 10h, e de acordo com o major, as viaturas da PM j\u00e1 voltaram a circular normalmente nas cidades.<\/p>\n<p>&#8220;A greve foi encerrada nessas seis cidades por conta de uma delibera\u00e7\u00e3o do comando geral, que informou que o movimento teria acabado&#8221;, afirma o Comandante. &#8220;Todo o efetivo da PM j\u00e1 voltou \u00e0s ruas em Brumado, Guanambi, Maca\u00fabas, Livramento de Nossa Senhora, Ibotirama e Po\u00e7\u00f5es&#8221;.<\/p>\n<p>&#8220;O com\u00e9rcio em Brumado est\u00e1 aberto e funcionando normalmente, assim como os bancos da cidade&#8221;, tranquiliza o comandante da 34\u00aa CIPM. Al\u00e9m destes munic\u00edpios, policiais militares de Campo Formoso voltaram a trabalhar normalmente nesta quinta-feira (9) e as viaturas da PM j\u00e1 est\u00e3o realizando rondas nas ruas da cidade.<\/p>\n<p>Ainda de acordo com o major Mascarenhas, a PM dos munic\u00edpios de Barreiras e Bom Jesus da Lapa devem decidir se continuam em greve durante a tarde desta quinta-feira (9).<\/p>\n<p>&#8212;<br \/>\n<a href = \"http:\/\/www.correio24horas.com.br\/noticias\/detalhes\/detalhes-1\/artigo\/segundo-comando-geral-da-policia-militar-greve-terminou-na-bahia\/\" target = \"_news\"><b>CORREIO DA BAHIA<\/b><\/a><\/p>\n","protected":false},"excerpt":{"rendered":"<p>A declara\u00e7\u00e3o foi feita pelo comandante geral, coronel Alfredo Castro Em entrevista coletiva realizada no final da manh\u00e3 desta sexta-feira (10), o comandante geral da Pol\u00edcia Militar da Bahia, coronel Alfredo Castro, afirmou que a greve da policiais e bombeiros militares terminou. De acordo com ele, o policiamento na ruas at\u00e9 \u00e0s 9h era de [&hellip;]<\/p>\n","protected":false},"author":2,"featured_media":0,"comment_status":"open","ping_status":"open","sticky":false,"template":"","format":"standard","meta":{"_links_to":"","_links_to_target":""},"categories":[25],"tags":[],"_links":{"self":[{"href":"https:\/\/www.r2cpress.com.br\/v1\/wp-json\/wp\/v2\/posts\/35893"}],"collection":[{"href":"https:\/\/www.r2cpress.com.br\/v1\/wp-json\/wp\/v2\/posts"}],"about":[{"href":"https:\/\/www.r2cpress.com.br\/v1\/wp-json\/wp\/v2\/types\/post"}],"author":[{"embeddable":true,"href":"https:\/\/www.r2cpress.com.br\/v1\/wp-json\/wp\/v2\/users\/2"}],"replies":[{"embeddable":true,"href":"https:\/\/www.r2cpress.com.br\/v1\/wp-json\/wp\/v2\/comments?post=35893"}],"version-history":[{"count":2,"href":"https:\/\/www.r2cpress.com.br\/v1\/wp-json\/wp\/v2\/posts\/35893\/revisions"}],"predecessor-version":[{"id":35895,"href":"https:\/\/www.r2cpress.com.br\/v1\/wp-json\/wp\/v2\/posts\/35893\/revisions\/35895"}],"wp:attachment":[{"href":"https:\/\/www.r2cpress.com.br\/v1\/wp-json\/wp\/v2\/media?parent=35893"}],"wp:term":[{"taxonomy":"category","embeddable":true,"href":"https:\/\/www.r2cpress.com.br\/v1\/wp-json\/wp\/v2\/categories?post=35893"},{"taxonomy":"post_tag","embeddable":true,"href":"https:\/\/www.r2cpress.com.br\/v1\/wp-json\/wp\/v2\/tags?post=35893"}],"curies":[{"name":"wp","href":"https:\/\/api.w.org\/{rel}","templated":true}]}}