{"id":35933,"date":"2012-02-10T16:02:51","date_gmt":"2012-02-10T18:02:51","guid":{"rendered":"http:\/\/www.r2cpress.com.br\/v1\/?p=35933"},"modified":"2012-02-10T16:02:51","modified_gmt":"2012-02-10T18:02:51","slug":"pm-forma-384-cabos-policiais-e-bombeiros-militares","status":"publish","type":"post","link":"https:\/\/www.r2cpress.com.br\/v1\/2012\/02\/10\/pm-forma-384-cabos-policiais-e-bombeiros-militares\/","title":{"rendered":"PM forma 384 cabos policiais e bombeiros militares"},"content":{"rendered":"<p>A Pol\u00edcia Militar da Bahia realiza nesta sexta-feira (10), \u00e0s 17h, a formatura de 384 cabos policiais e bombeiros militares. Em Salvador, s\u00e3o 320 formandos, dos quais 49 s\u00e3o bombeiros, e a solenidade acontece na Vila Militar do Bonfim. Os demais ser\u00e3o formados simultaneamente em dois batalh\u00f5es no interior do Estado: 49 militares no 1\u00b0BPM\/Feira de Santana e 15 no 2\u00b0BPM\/Ilh\u00e9us.<\/p>\n<p>Nota para imprensa n\u00ba 28 \u2013 Salvador, 10 de fevereiro de 2012.<\/p>\n<p>&#8212;<br \/>\nDepartamento de Comunica\u00e7\u00e3o Social<br \/>\nUnidade de Imprensa<\/p>\n","protected":false},"excerpt":{"rendered":"<p>A Pol\u00edcia Militar da Bahia realiza nesta sexta-feira (10), \u00e0s 17h, a formatura de 384 cabos policiais e bombeiros militares. Em Salvador, s\u00e3o 320 formandos, dos quais 49 s\u00e3o bombeiros, e a solenidade acontece na Vila Militar do Bonfim. Os demais ser\u00e3o formados simultaneamente em dois batalh\u00f5es no interior do Estado: 49 militares no 1\u00b0BPM\/Feira [&hellip;]<\/p>\n","protected":false},"author":2,"featured_media":0,"comment_status":"open","ping_status":"open","sticky":false,"template":"","format":"standard","meta":{"_links_to":"","_links_to_target":""},"categories":[25],"tags":[],"_links":{"self":[{"href":"https:\/\/www.r2cpress.com.br\/v1\/wp-json\/wp\/v2\/posts\/35933"}],"collection":[{"href":"https:\/\/www.r2cpress.com.br\/v1\/wp-json\/wp\/v2\/posts"}],"about":[{"href":"https:\/\/www.r2cpress.com.br\/v1\/wp-json\/wp\/v2\/types\/post"}],"author":[{"embeddable":true,"href":"https:\/\/www.r2cpress.com.br\/v1\/wp-json\/wp\/v2\/users\/2"}],"replies":[{"embeddable":true,"href":"https:\/\/www.r2cpress.com.br\/v1\/wp-json\/wp\/v2\/comments?post=35933"}],"version-history":[{"count":2,"href":"https:\/\/www.r2cpress.com.br\/v1\/wp-json\/wp\/v2\/posts\/35933\/revisions"}],"predecessor-version":[{"id":35935,"href":"https:\/\/www.r2cpress.com.br\/v1\/wp-json\/wp\/v2\/posts\/35933\/revisions\/35935"}],"wp:attachment":[{"href":"https:\/\/www.r2cpress.com.br\/v1\/wp-json\/wp\/v2\/media?parent=35933"}],"wp:term":[{"taxonomy":"category","embeddable":true,"href":"https:\/\/www.r2cpress.com.br\/v1\/wp-json\/wp\/v2\/categories?post=35933"},{"taxonomy":"post_tag","embeddable":true,"href":"https:\/\/www.r2cpress.com.br\/v1\/wp-json\/wp\/v2\/tags?post=35933"}],"curies":[{"name":"wp","href":"https:\/\/api.w.org\/{rel}","templated":true}]}}