{"id":35972,"date":"2012-02-11T08:15:40","date_gmt":"2012-02-11T10:15:40","guid":{"rendered":"http:\/\/www.r2cpress.com.br\/v1\/?p=35972"},"modified":"2012-02-11T08:15:40","modified_gmt":"2012-02-11T10:15:40","slug":"irma-selma-e-seu-terco-insano-o-habito-de-fazer-rir","status":"publish","type":"post","link":"https:\/\/www.r2cpress.com.br\/v1\/2012\/02\/11\/irma-selma-e-seu-terco-insano-o-habito-de-fazer-rir\/","title":{"rendered":"\u201cIrm\u00e3 Selma e seu Ter\u00e7o Insano \u2013 o h\u00e1bito de fazer rir\u201d"},"content":{"rendered":"<p><a href=\"http:\/\/www.r2cpress.com.br\/v1\/wp-content\/uploads\/irmaselma2.jpg\"><img loading=\"lazy\" class=\"alignleft  wp-image-35973\" title=\"irmaselma2\" src=\"http:\/\/www.r2cpress.com.br\/v1\/wp-content\/uploads\/irmaselma2.jpg\" alt=\"\" width=\"311\" height=\"207\" srcset=\"https:\/\/www.r2cpress.com.br\/v1\/wp-content\/uploads\/irmaselma2.jpg 405w, https:\/\/www.r2cpress.com.br\/v1\/wp-content\/uploads\/irmaselma2-300x200.jpg 300w\" sizes=\"(max-width: 311px) 100vw, 311px\" \/><\/a>O ator Oct\u00e1vio Mendes, de 53 anos, Chega ao municipal de Ilh\u00e9us , com o espet\u00e1culo <strong>\u201cIrm\u00e3 Selma e seu Ter\u00e7o Insano \u2013 o h\u00e1bito de fazer rir\u201d.<\/strong> O ator \u00e9 um dos fundadores da <strong>\u201cTer\u00e7a Insana\u201d<\/strong> e se apresenta no Teatro Municipal de Ilh\u00e9us , nos dias 14 e 15 de fAbril, \u00e0s 21h\u00a0 respectivamente.<br \/>\nA montagem \u00e9, na verdade, um mon\u00f3logo escrito e interpretado pelo pr\u00f3prio Oct\u00e1vio Mendes. Ele traz para o palco as cenas e personagens que se tornaram mais populares na \u201cTer\u00e7a Insana\u201d, a exemplo do carro-chefe, a Irm\u00e3 Selma, uma freira mal humorada; M\u00f4nica Goldstein, a apresentadora de um programa sensacionalista; Walmir, um ex-gay, que mudou de vez de vida; Maria Bot\u00e2nica, uma atriz e cantora; e a cantora Xana\u00edna. Todos hil\u00e1rios.<br \/>\n\u201cIrm\u00e3 Selma e seu Ter\u00e7o Insano\u201d \u00e9 a garantia para o espectador de muitas gargalhadas ao longo de aproximadamente uma hora e meia de dura\u00e7\u00e3o. A pe\u00e7a \u00e9 recomendada para maiores de 14 anos de idade. Segundo o ator, o show pega leve, n\u00e3o \u00e9 pesado, e sim puro entretenimento.<br \/>\nOct\u00e1vio Mendes \u00e9 ator, diretor e autor de v\u00e1rios espet\u00e1culos. Ele estreou no teatro com o trabalho \u201cCamila Backer, Lives in Concert\u201d, o qual lhe rendeu diversos pr\u00eamios de melhor ator. Contracenou ao lado do ator Ney Latorraca na pe\u00e7a \u201cO M\u00e9dico e o Monstro\u201d, e esteve com Paulo Autran em \u201cRei Lear\u201d. Tamb\u00e9m fez o musical \u201cEla \u00e9 B\u00e1rbara\u201d, com T\u00f4nia Carreiro.<br \/>\nMendes faz parte do elenco do programa televisivo \u201cA Pra\u00e7a \u00e9 Nossa\u201d, do SBT, e est\u00e1 na novela \u201cUma Rosa com Amor\u201d, da mesma emissora. Na Rede Globo fez as novelas \u201cMulheres Apaixonadas\u201d e \u201cDa Cor do Pecado\u201d, e a s\u00e9rie \u201cCarga Pesada\u201d, com os atores Antonio Fagundes e St\u00eanio Garcia.<\/p>\n<p>Ingressos :<br \/>\nR$ 40,00 INTEIRA e 20,00 Meia.<\/p>\n<p>Videos!<\/p>\n<p><a href=\"http:\/\/www.youtube.com\/watch?v=0_AEhhdo6xE\" target=\"_blank\">http:\/\/www.youtube.com\/watch?<wbr>v=0_AEhhdo6xE<\/wbr><\/a><\/p>\n<p><a href=\"http:\/\/www.youtube.com\/watch?v=qVtyE8L_aHE\" target=\"_blank\">http:\/\/www.youtube.com\/watch?<wbr>v=qVtyE8L_aHE<\/wbr><\/a><\/p>\n","protected":false},"excerpt":{"rendered":"<p>O ator Oct\u00e1vio Mendes, de 53 anos, Chega ao municipal de Ilh\u00e9us , com o espet\u00e1culo \u201cIrm\u00e3 Selma e seu Ter\u00e7o Insano \u2013 o h\u00e1bito de fazer rir\u201d. O ator \u00e9 um dos fundadores da \u201cTer\u00e7a Insana\u201d e se apresenta no Teatro Municipal de Ilh\u00e9us , nos dias 14 e 15 de fAbril, \u00e0s 21h\u00a0 [&hellip;]<\/p>\n","protected":false},"author":2,"featured_media":0,"comment_status":"open","ping_status":"open","sticky":false,"template":"","format":"standard","meta":{"_links_to":"","_links_to_target":""},"categories":[5],"tags":[],"_links":{"self":[{"href":"https:\/\/www.r2cpress.com.br\/v1\/wp-json\/wp\/v2\/posts\/35972"}],"collection":[{"href":"https:\/\/www.r2cpress.com.br\/v1\/wp-json\/wp\/v2\/posts"}],"about":[{"href":"https:\/\/www.r2cpress.com.br\/v1\/wp-json\/wp\/v2\/types\/post"}],"author":[{"embeddable":true,"href":"https:\/\/www.r2cpress.com.br\/v1\/wp-json\/wp\/v2\/users\/2"}],"replies":[{"embeddable":true,"href":"https:\/\/www.r2cpress.com.br\/v1\/wp-json\/wp\/v2\/comments?post=35972"}],"version-history":[{"count":3,"href":"https:\/\/www.r2cpress.com.br\/v1\/wp-json\/wp\/v2\/posts\/35972\/revisions"}],"predecessor-version":[{"id":35976,"href":"https:\/\/www.r2cpress.com.br\/v1\/wp-json\/wp\/v2\/posts\/35972\/revisions\/35976"}],"wp:attachment":[{"href":"https:\/\/www.r2cpress.com.br\/v1\/wp-json\/wp\/v2\/media?parent=35972"}],"wp:term":[{"taxonomy":"category","embeddable":true,"href":"https:\/\/www.r2cpress.com.br\/v1\/wp-json\/wp\/v2\/categories?post=35972"},{"taxonomy":"post_tag","embeddable":true,"href":"https:\/\/www.r2cpress.com.br\/v1\/wp-json\/wp\/v2\/tags?post=35972"}],"curies":[{"name":"wp","href":"https:\/\/api.w.org\/{rel}","templated":true}]}}