{"id":36046,"date":"2012-02-12T10:09:46","date_gmt":"2012-02-12T12:09:46","guid":{"rendered":"http:\/\/www.r2cpress.com.br\/v1\/?p=36046"},"modified":"2012-02-12T10:09:46","modified_gmt":"2012-02-12T12:09:46","slug":"fim-da-greve-da-policia-insatisfacao-o-carnaval-nao-sera-o-mesmo","status":"publish","type":"post","link":"https:\/\/www.r2cpress.com.br\/v1\/2012\/02\/12\/fim-da-greve-da-policia-insatisfacao-o-carnaval-nao-sera-o-mesmo\/","title":{"rendered":"Fim da Greve da Policia, insatisfa\u00e7\u00e3o, o carnaval n\u00e3o ser\u00e1 o mesmo."},"content":{"rendered":"<p><a href=\"http:\/\/www.r2cpress.com.br\/v1\/wp-content\/uploads\/carnaval-na-bahia-100212-mariano-humor-politico1.jpg\"><img loading=\"lazy\" src=\"http:\/\/www.r2cpress.com.br\/v1\/wp-content\/uploads\/carnaval-na-bahia-100212-mariano-humor-politico1.jpg\" alt=\"\" title=\"carnaval-na-bahia-100212-mariano-humor-politico\" width=\"333\" height=\"205\" class=\"alignright size-full wp-image-36049\" srcset=\"https:\/\/www.r2cpress.com.br\/v1\/wp-content\/uploads\/carnaval-na-bahia-100212-mariano-humor-politico1.jpg 333w, https:\/\/www.r2cpress.com.br\/v1\/wp-content\/uploads\/carnaval-na-bahia-100212-mariano-humor-politico1-300x184.jpg 300w\" sizes=\"(max-width: 333px) 100vw, 333px\" \/><\/a>Depois de uma assembl\u00e9ia realizada na noite deste s\u00e1bado, 11, os policiais militares da Bahia decidiram acabar com a greve que j\u00e1 duravam 12 dias no Estado. A categoria aceitou a proposta de 6,5%, retroativa a janeiro passado, feita pelo governo. Tamb\u00e9m foi aceita a proposta do pagamento da GAP &#8211; Gratifica\u00e7\u00e3o por Atividade Policial &#8211; a partir de novembro pr\u00f3ximo. Segundo o comando geral da PM, 100% do efetivo da pol\u00edcia j\u00e1 se encontram em atividade.<br \/>\nO governo da Bahia, por meio de sua assessoria de comunica\u00e7\u00e3o, informou que n\u00e3o vai revogar as pris\u00f5es dos policiais acusados de promover atos de vandalismo, forma\u00e7\u00e3o de quadrilha e depreda\u00e7\u00e3o do patrim\u00f4nio p\u00fablico durante a greve. Tamb\u00e9m n\u00e3o haver\u00e1 negocia\u00e7\u00e3o de anistias.<br \/>\nO comando da greve disse que vai brigar na justi\u00e7a pela revoga\u00e7\u00e3o das pris\u00f5es dos 12 policiais que tiveram mandados expedidos durante a paralisa\u00e7\u00e3o.<br \/>\nO impacto da greve no Carnaval<br \/>\nA policia volta as suas atividades, mas o estrago j\u00e1 foi feito, preju\u00edzos, incertezas e cancelamentos de pacotes. Dezenas de eventos pr\u00e9-carnavalescos foram cancelados.As vendas de abadas ca\u00edram ,de acordo com empres\u00e1rios do ramo. O comercio deixou de vender e acumula dividas.<\/p>\n<p><strong>SEGURAN\u00c7A<\/strong><br \/>\nPor mais que o Governo passe a imagem de que haver\u00e1 seguran\u00e7a e que tudo voltou ao normal, h\u00e1 no ar o clima de incertezas. A policia que retornou as suas atividades j\u00e1 deixou bem claro que n\u00e3o ser\u00e1 atuante .Retorna uma policia desestimulada, sem acreditar em seus comandantes . Salvador j\u00e1 est\u00e1 entre as capitais mais violenta do pa\u00eds em situa\u00e7\u00e3o normal, imagine em uma das maiores festas populares sem o entusiasmo da policia militar nas ruas? Sem falar que a policia na Bahia funciona em p\u00e9ssimas condi\u00e7\u00f5es de transporte, sem combust\u00edvel, esta \u00e9 uma realidade do interior da Bahia.<\/p>\n<p>&#8212;<br \/>\n<a href = \"http:\/\/seliguenanoticia.blogspot.com\/2012\/02\/fim-da-greve-da-policia-insatisfacao-o.html\" target = \"_news\"><b>SE LIGUE NA NOT\u00cdCIA<\/b><\/a><\/p>\n","protected":false},"excerpt":{"rendered":"<p>Depois de uma assembl\u00e9ia realizada na noite deste s\u00e1bado, 11, os policiais militares da Bahia decidiram acabar com a greve que j\u00e1 duravam 12 dias no Estado. A categoria aceitou a proposta de 6,5%, retroativa a janeiro passado, feita pelo governo. Tamb\u00e9m foi aceita a proposta do pagamento da GAP &#8211; Gratifica\u00e7\u00e3o por Atividade Policial [&hellip;]<\/p>\n","protected":false},"author":2,"featured_media":0,"comment_status":"open","ping_status":"open","sticky":false,"template":"","format":"standard","meta":{"_links_to":"","_links_to_target":""},"categories":[25],"tags":[],"_links":{"self":[{"href":"https:\/\/www.r2cpress.com.br\/v1\/wp-json\/wp\/v2\/posts\/36046"}],"collection":[{"href":"https:\/\/www.r2cpress.com.br\/v1\/wp-json\/wp\/v2\/posts"}],"about":[{"href":"https:\/\/www.r2cpress.com.br\/v1\/wp-json\/wp\/v2\/types\/post"}],"author":[{"embeddable":true,"href":"https:\/\/www.r2cpress.com.br\/v1\/wp-json\/wp\/v2\/users\/2"}],"replies":[{"embeddable":true,"href":"https:\/\/www.r2cpress.com.br\/v1\/wp-json\/wp\/v2\/comments?post=36046"}],"version-history":[{"count":3,"href":"https:\/\/www.r2cpress.com.br\/v1\/wp-json\/wp\/v2\/posts\/36046\/revisions"}],"predecessor-version":[{"id":36052,"href":"https:\/\/www.r2cpress.com.br\/v1\/wp-json\/wp\/v2\/posts\/36046\/revisions\/36052"}],"wp:attachment":[{"href":"https:\/\/www.r2cpress.com.br\/v1\/wp-json\/wp\/v2\/media?parent=36046"}],"wp:term":[{"taxonomy":"category","embeddable":true,"href":"https:\/\/www.r2cpress.com.br\/v1\/wp-json\/wp\/v2\/categories?post=36046"},{"taxonomy":"post_tag","embeddable":true,"href":"https:\/\/www.r2cpress.com.br\/v1\/wp-json\/wp\/v2\/tags?post=36046"}],"curies":[{"name":"wp","href":"https:\/\/api.w.org\/{rel}","templated":true}]}}