{"id":36074,"date":"2012-02-12T20:27:19","date_gmt":"2012-02-12T22:27:19","guid":{"rendered":"http:\/\/www.r2cpress.com.br\/v1\/?p=36074"},"modified":"2012-02-12T20:27:55","modified_gmt":"2012-02-12T22:27:55","slug":"trator-pilotado-por-uma-crianca-no-eixo-principal-do-ernani-sa","status":"publish","type":"post","link":"https:\/\/www.r2cpress.com.br\/v1\/2012\/02\/12\/trator-pilotado-por-uma-crianca-no-eixo-principal-do-ernani-sa\/","title":{"rendered":"Trator pilotado por uma crian\u00e7a no Eixo Principal do Ernani S\u00e1"},"content":{"rendered":"<p>Como se n\u00e3o nos bastasse os problemas que temos enfrentar diariamente no transito da cidade de Ilh\u00e9us, agora nos deparamos com mais um, inusidado, perigo, irrespons\u00e1vel e que a qualquer momento poder\u00e1 se transformar numa grande trag\u00e9dia.<br \/>\n<center><a href=\"http:\/\/www.r2cpress.com.br\/v1\/wp-content\/uploads\/CAMINH\u00c3O-TRATOR-URBIS.jpg\"><img loading=\"lazy\" src=\"http:\/\/www.r2cpress.com.br\/v1\/wp-content\/uploads\/CAMINH\u00c3O-TRATOR-URBIS.jpg\" alt=\"\" title=\"CAMINH\u00c3O TRATOR URBIS\" width=\"502\" height=\"750\" class=\"aligncenter size-full wp-image-36075\" srcset=\"https:\/\/www.r2cpress.com.br\/v1\/wp-content\/uploads\/CAMINH\u00c3O-TRATOR-URBIS.jpg 502w, https:\/\/www.r2cpress.com.br\/v1\/wp-content\/uploads\/CAMINH\u00c3O-TRATOR-URBIS-200x300.jpg 200w\" sizes=\"(max-width: 502px) 100vw, 502px\" \/><\/a><\/center><br \/>\nO propriet\u00e1rio deste trator que est\u00e1 ai na foto, hora estacionado em cima do passeio, atrapalhando o trafego de pedestre, \u00e9 de propriedade do dono deste caminh\u00e3o amarelo que aparece na foto ao fundo do trator, tamb\u00e9m, parado em cima do passeio; tudo nos leva a crer ser o mais novo dono da coisa p\u00fablica aqui no Ernani S\u00e1. Todos aqui no Bairro sabem quem \u00e9 seu propriet\u00e1rio, a come\u00e7ar pelo Presidente da Associa\u00e7\u00e3o do Bairro, visto ele estar estacionado em frente a casa tomando toda a estan\u00e7\u00e3o de passeio p\u00fablico.<\/p>\n<p>Como iniciei, repito, me bastasse as vississitudes vividas em meu dia a dia como taxista, onde a todo instante me deparo com motoristas adultos e brig\u00f5es, violentos, agressivos e outros adjetivos que nem posso aqui colocar, o cidad\u00e3o, dono deste trator (na foto), coloca seu filho, de menor, para pilotar este gigante de concha pelas ruas do Bairro Ernani S\u00e1, enquanto fica sentado no fundo do gigante o acompanhando e monitorando. Quando se der uma trag\u00e9dia e, ele, o pai, vir com a conversinha fiada de que o filho pegou as chaves esgondido e de que \u00e9 um infeliz expectador dos acontecimentos, diante desta denuncia que fa\u00e7o, pe\u00e7o publique, espero que n\u00e3o seja aceite mais tal tipo de desculpa e ele seja responsabilizado legalmente.<\/p>\n<p>Aguardamos todos que as autoridades competentes que estejam lendo este alerta tomem de imediato as providencias para tirar o ve\u00edculo de cima da cal\u00e7ada, pois, que s\u00e3o para pedestres e n\u00e3o para tratores e alertem o proprit\u00e1rio para que n\u00e3o mais deixe seu filho menor de idade o pilotar sob seus auspicios pelas ruas do bairro.<\/p>\n<p>Grato Rabat pelo espa\u00e7o e nos ajudar neste grito de alerta.<\/p>\n<p>&#8212;<br \/>\nWagner Gentil<\/p>\n","protected":false},"excerpt":{"rendered":"<p>Como se n\u00e3o nos bastasse os problemas que temos enfrentar diariamente no transito da cidade de Ilh\u00e9us, agora nos deparamos com mais um, inusidado, perigo, irrespons\u00e1vel e que a qualquer momento poder\u00e1 se transformar numa grande trag\u00e9dia. O propriet\u00e1rio deste trator que est\u00e1 ai na foto, hora estacionado em cima do passeio, atrapalhando o trafego [&hellip;]<\/p>\n","protected":false},"author":2,"featured_media":0,"comment_status":"open","ping_status":"open","sticky":false,"template":"","format":"standard","meta":{"_links_to":"","_links_to_target":""},"categories":[10],"tags":[],"_links":{"self":[{"href":"https:\/\/www.r2cpress.com.br\/v1\/wp-json\/wp\/v2\/posts\/36074"}],"collection":[{"href":"https:\/\/www.r2cpress.com.br\/v1\/wp-json\/wp\/v2\/posts"}],"about":[{"href":"https:\/\/www.r2cpress.com.br\/v1\/wp-json\/wp\/v2\/types\/post"}],"author":[{"embeddable":true,"href":"https:\/\/www.r2cpress.com.br\/v1\/wp-json\/wp\/v2\/users\/2"}],"replies":[{"embeddable":true,"href":"https:\/\/www.r2cpress.com.br\/v1\/wp-json\/wp\/v2\/comments?post=36074"}],"version-history":[{"count":5,"href":"https:\/\/www.r2cpress.com.br\/v1\/wp-json\/wp\/v2\/posts\/36074\/revisions"}],"predecessor-version":[{"id":36079,"href":"https:\/\/www.r2cpress.com.br\/v1\/wp-json\/wp\/v2\/posts\/36074\/revisions\/36079"}],"wp:attachment":[{"href":"https:\/\/www.r2cpress.com.br\/v1\/wp-json\/wp\/v2\/media?parent=36074"}],"wp:term":[{"taxonomy":"category","embeddable":true,"href":"https:\/\/www.r2cpress.com.br\/v1\/wp-json\/wp\/v2\/categories?post=36074"},{"taxonomy":"post_tag","embeddable":true,"href":"https:\/\/www.r2cpress.com.br\/v1\/wp-json\/wp\/v2\/tags?post=36074"}],"curies":[{"name":"wp","href":"https:\/\/api.w.org\/{rel}","templated":true}]}}