{"id":3622,"date":"2010-12-03T14:32:36","date_gmt":"2010-12-03T17:32:36","guid":{"rendered":"http:\/\/www.r2cpress.com.br\/v1\/?p=3622"},"modified":"2010-12-03T14:32:36","modified_gmt":"2010-12-03T17:32:36","slug":"prefeitura-municipal-de-ilheus-29","status":"publish","type":"post","link":"https:\/\/www.r2cpress.com.br\/v1\/2010\/12\/03\/prefeitura-municipal-de-ilheus-29\/","title":{"rendered":"Prefeitura Municipal de Ilh\u00e9us"},"content":{"rendered":"<p><div id=\"attachment_3623\" style=\"width: 310px\" class=\"wp-caption alignnone\"><a href=\"http:\/\/www.r2cpress.com.br\/v1\/wp-content\/uploads\/PMI-03-12-2010.jpg\"><img aria-describedby=\"caption-attachment-3623\" loading=\"lazy\" src=\"http:\/\/www.r2cpress.com.br\/v1\/wp-content\/uploads\/PMI-03-12-2010-300x189.jpg\" alt=\"\" title=\"PMI 03 12 2010\" width=\"300\" height=\"189\" class=\"size-medium wp-image-3623\" srcset=\"https:\/\/www.r2cpress.com.br\/v1\/wp-content\/uploads\/PMI-03-12-2010-300x189.jpg 300w, https:\/\/www.r2cpress.com.br\/v1\/wp-content\/uploads\/PMI-03-12-2010.jpg 700w\" sizes=\"(max-width: 300px) 100vw, 300px\" \/><\/a><p id=\"caption-attachment-3623\" class=\"wp-caption-text\">A\u00c7\u00d5ES DA PREFEITURA DE ILH\u00c9US<\/p><\/div><br \/>\nCapitania dos Portos de Ilh\u00e9us lan\u00e7a campanha Legal no Mar<br \/>\nCasa de Cultura Jorge Amado ser\u00e1  revitalizada antes do seu centen\u00e1rio<br \/>\nOpera\u00e7\u00e3o Ver\u00e3o \u00e9 deflagrada  na zona sul e centro de Ilh\u00e9us<br \/>\nCaminhada encerra atividades  do Dia Mundial de luta contra a Aids.<br \/>\nJovens de Ilh\u00e9us t\u00eam acompanhamento  psicossocial de t\u00e9cnica de Salvador<br \/>\nComandantes de companhias de PM de Ilh\u00e9us discutem viol\u00eancia no munic\u00edpio<br \/>\nOdontom\u00f3vel atende  bairros e distritos<br \/>\nLan\u00e7amento de audibook \u00e9 transferido para a ter\u00e7a-feira <\/p>\n<p><!--more--><\/p>\n<p>***<\/p>\n<p><strong>Capitania dos Portos de Ilh\u00e9us lan\u00e7a campanha Legal no Mar <\/strong><\/p>\n<p>O vice-prefeito de Ilh\u00e9us, M\u00e1rio Alexandre, participou na noite desta quinta-feira (2) do lan\u00e7amento da d\u00e9cima-quinta edi\u00e7\u00e3o da campanha Legal no Mar, promovido pela Capitania dos Portos da Bahia, no Batuba Beach, rodovia Ilh\u00e9us\/Canavieiras. O evento contou com a presen\u00e7a do capit\u00e3o de mar e guerra (Capit\u00e3o dos Portos da Bahia &#8211; sede em Salvador), Paulo Fernandes Baltor\u00e9 e do delegado da Capitania dos Portos em Ilh\u00e9us, comandante Eduardo Fontes, al\u00e9m de empres\u00e1rios, vereadores e demais autoridades locais. A campanha tem como prop\u00f3sito evitar a ocorr\u00eancia de acidentes n\u00e1uticos.<\/p>\n<p>Lan\u00e7ada em 1996, a iniciativa trouxe o tema \u201cNavegar com seguran\u00e7a\u201d deste ano contou com o apoio de diversas empresas, a exemplo da Bahia Minera\u00e7\u00e3o, South Bahia, Apoio Nordeste, Ocean Pact, Pan Marine do Brasil, Tecnosub, Poupex, Geodril, Transpetro, Batuba Beach, Hot\u00e9is Transam\u00e9rica, CLC, Grupo Cepemar, Wilson, Sons Rebocadores, Associa\u00e7\u00e3o dos Pr\u00e1ticos de Ilh\u00e9us, Menezes e Filho Ltda e da revista Folha da Praia. Na oportunidade, seus representantes foram homenageados com o trof\u00e9u Amigo do Mar. Representantes das col\u00f4nias de pescadores Z-34 e Z-18 tamb\u00e9m foram agraciados com kits de coletes salva-vidas para refor\u00e7ar a seguran\u00e7a dos pescadores.<\/p>\n<p>Para o comandante Eduardo Fontes, o sucesso da campanha s\u00f3 ser\u00e1 alcan\u00e7ado se houver comprometimento e participa\u00e7\u00e3o de todos, \u201ce principalmente daqueles voltados para a atividade n\u00e1utica, que dever\u00e3o cumprir os requisitos de seguran\u00e7a da navega\u00e7\u00e3o, adequando suas embarca\u00e7\u00f5es e somente se fazer ao mar, se forem conduzidas por pessoas habilitadas\u201d. Ao longo do ano, a delegacia ministra palestras e cursos para a forma\u00e7\u00e3o de aquavi\u00e1rios (profissionais e amadores). <\/p>\n<p>Salvar vidas \u00e9 a principal miss\u00e3o da campanha, na opini\u00e3o do vice-prefeito M\u00e1rio Alexandre. \u201cCom a chegada do ver\u00e3o, as atividades n\u00e1uticas se intensificam e s\u00e3o necess\u00e1rias a\u00e7\u00f5es efetivas, a exemplo desta campanha, para evitar acidentes e levar seguran\u00e7a \u00e0s pessoas que utilizam as embarca\u00e7\u00f5es e os banhistas, que est\u00e3o em maior n\u00famero, e muitas vezes mais vulner\u00e1veis aos acidentes\u201d. A campanha segue durante todo o ver\u00e3o e no caso de Ilh\u00e9us, abrange seus 80 quil\u00f4metros de praia, al\u00e9m de 66 munic\u00edpios da Bahia que integram a delegacia dos portos local. <\/p>\n<p><strong>Mais sobre a campanha<\/strong> \u2013 A estrat\u00e9gia da campanha Legal No Mar \u00e9 a divulga\u00e7\u00e3o e conscientiza\u00e7\u00e3o de propriet\u00e1rios, usu\u00e1rios de embarca\u00e7\u00f5es e a popula\u00e7\u00e3o, notadamente, para os freq\u00fcentadores de praias, sobre as normas de seguran\u00e7a da navega\u00e7\u00e3o e ado\u00e7\u00e3o de medidas preventivas para evitar a polui\u00e7\u00e3o no meio ambiente h\u00eddrico. A delegacia dos portos ressalta que a diretoria de portos e costas, atrav\u00e9s de seu site dpc.mar.mil.br disponibiliza uma gama de publica\u00e7\u00f5es normativas (as chamadas normas da autoridade mar\u00edtima, em complemento aos preceitos da lei n\u00famero 9.537\/97 \u2013 Lei de Seguran\u00e7a do Tr\u00e1fego Aquavi\u00e1rio e seu decreto regulamentador n\u00famero 2.596\/98, com a finalidade de informar sobre os direitos e deveres dos cidad\u00e3os ligados \u00e0s atividades n\u00e1uticas. <\/p>\n<p><strong>Casa de Cultura Jorge Amado ser\u00e1  revitalizada antes do seu centen\u00e1rio<\/strong><\/p>\n<p>A concep\u00e7\u00e3o arquitet\u00f4nica para restaurar a Casa de Cultura Jorge Amado j\u00e1 se encontra no Minist\u00e9rio da Cultura. A reuni\u00e3o que assinou o projeto aconteceu em S\u00e3o Paulo, na Associa\u00e7\u00e3o de Museus e Casa de Cultura do Brasil. O ato contou com a presen\u00e7a de William Nacked e Nestor Amazonas, respectivamente, presidente e diretor da entidade, Isabela Galvez, arquiteta respons\u00e1vel pelo projeto e Maur\u00edcio Corso, presidente da Funda\u00e7\u00e3o Cultural de Ilh\u00e9us. A restaura\u00e7\u00e3o de palacete n\u00e3o ser\u00e1 custeada pelo munic\u00edpio e sim atrav\u00e9s de parcerias.<\/p>\n<p>O projeto prev\u00ea a instala\u00e7\u00e3o de exposi\u00e7\u00e3o com base nas obras do autor, ampliar o n\u00famero de pessoas que quer conhecer o palacete e atender aos anseios de visitantes que buscam a interatividade e o conhecimento. A ideia \u00e9 desenvolver um projeto de museologia e museografia que homenageie o autor com o sul da Bahia. Outra proposta \u00e9 refor\u00e7ar a divulga\u00e7\u00e3o da obra de Jorge Amado em escolas. <\/p>\n<p>A revitaliza\u00e7\u00e3o consta com a instala\u00e7\u00e3o de elevador e adequar a acessibilidade para portadores de necessidades especiais, de mobilidade reduzida e carrinhos de beb\u00eas. O espa\u00e7o ser\u00e1 ainda adaptado para atender a \u00e1rea administrativa, oficinas, aulas e palestras, al\u00e9m de proporcionar infraestrutura para eventos.<\/p>\n<p><strong>Projetos desenvolvidos<\/strong> \u2013 Ap\u00f3s a conclus\u00e3o de restauro a Casa de Cultura passa a contar com receptivo no t\u00e9rreo do im\u00f3vel, onde o visitante pode acessar informa\u00e7\u00f5es de seu interesse sem ter de percorrer uma grade linear. J\u00e1 o memorial fica na entrada do pr\u00e9dio em sala que consta de documentos sobre o im\u00f3vel, seu estilo e aspectos arquitet\u00f4nicos. <\/p>\n<p>Na parte t\u00e9rrea ficam as salas Cacau \u2013 que mostra em exposi\u00e7\u00e3o a vida e a obra de Jorge Amado, fotos hist\u00f3ricas de Ilh\u00e9us e uma mesa digital interativa que complementa o circuito com informa\u00e7\u00f5es sobre o cacau, em abordagens bot\u00e2nicas e hist\u00f3ricas \u2013 e a Cenografia, que trata do ciclo do cacauicultura. No mesmo ambiente vai ser reconstru\u00edda uma sala de jantar para mostrar o luxo da civiliza\u00e7\u00e3o da \u00e9poca. Ainda no t\u00e9rreo da Casa ser\u00e1 criado o espa\u00e7o gourmet (cozinha), inclusive para eventos. Ele ser\u00e1 dotado de pil\u00f5es, t\u00e1buas, fogareiros e colheres, entre outros objetos artesanais da Bahia.<\/p>\n<p>Para compor a sala Orix\u00e1 a Funda\u00e7\u00e3o Cultural vai reunir esculturas do artista pl\u00e1stico grapi\u00fana Osmundo Teixeira. O espa\u00e7o ter\u00e1 ferramentas simb\u00f3licas de orix\u00e1s e fotos que contextualizem a rela\u00e7\u00e3o entre Jorge Amado, sua vida, obra e o candombl\u00e9. E com rela\u00e7\u00e3o \u00e0 Sala Mirante o projeto prev\u00ea que as janelas do 2\u00ba andar possibilitem uma vis\u00e3o privilegiada da rua e do seu entorno. A ideia \u00e9 buscar uma integra\u00e7\u00e3o \u00e0 paisagem aos pr\u00e9dios do centro hist\u00f3rico. Uma tela LCD ser\u00e1 ativada por meio de toque. Isso possibilita um zoom sobre as imagens que formam a paisagem do entorno da Casa. <\/p>\n<p>Para o 2\u00ba andar o projeto prev\u00ea outra sala para a galeria que ser\u00e1 equipada para montar exposi\u00e7\u00f5es de curta dura\u00e7\u00e3o. Para a reabertura est\u00e1 prevista sobre o livro \u201cCacau\u201d, de Jorge Amado. A exposi\u00e7\u00e3o tempor\u00e1ria ter\u00e1 fotos ampliadas, textos e cita\u00e7\u00f5es do seu livro. J\u00e1 com rela\u00e7\u00e3o ao espa\u00e7o denominado totem interativo o visitante ao sair da galeria acessa um totem multim\u00eddia e interativo. A finalidade \u00e9 ter informa\u00e7\u00f5es sobre a Funda\u00e7\u00e3o-Casa de Jorge Amado, sediada em Salvador.<\/p>\n<p>O projeto arquitet\u00f4nico finaliza o circuito com a instala\u00e7\u00e3o de loja com mob\u00edlia especial. O local ir\u00e1 expor livros e produtos referentes \u00e0s obras de Jorge Amado. No anexo a Casa ser\u00e1 instalada uma sala de leitura complementada ao circuito de visita\u00e7\u00e3o ou espa\u00e7o independente. Climatizada, a sala ter\u00e1 mesas, cadeiras, bancos e estantes de madeira, onde ser\u00e3o disponibilizados livros de Jorge Amado, com destaque aos que enfocam a cultura cacaueira.  <\/p>\n<p>Quem for \u00e0 Casa de Cultura ter\u00e1 na sa\u00edda a oportunidade de ter contato com o totem interativo de realidade ampliada para registro de visitas. Esse novo espa\u00e7o dotado de v\u00e1rias telas faz o cen\u00e1rio. O escolhe e registra em foto \u201cbaixada\u201d imediatamente via \u201cbluetooth\u201d, direto no m\u00f3bile ou via email.  <\/p>\n<p><strong>Opera\u00e7\u00e3o Ver\u00e3o \u00e9 deflagrada  na zona sul e centro de Ilh\u00e9us<\/strong><\/p>\n<p>Dando continuidade \u00e0s atividades que integram o pacote de obras da Opera\u00e7\u00e3o Ver\u00e3o, a Prefeitura de Ilh\u00e9us iniciou nesta semana mutir\u00e3o na zona sul e centro. Essas a\u00e7\u00f5es, de acordo com o secret\u00e1rio de Desenvolvimento Urbano, Carlos Freitas, t\u00eam o objetivo de promover reorganiza\u00e7\u00e3o urbana, melhorar o aspecto est\u00e9tico, deixando a cidade ainda mais bonita para o ver\u00e3o. O trabalho, que conta com o apoio de 30 homens, abrange o in\u00edcio da rodovia Ilh\u00e9us\/Canavieiras at\u00e9 a entrada do Ceplus, a pra\u00e7a Dom Eduardo e a avenida Soares Lopes.  <\/p>\n<p>Limpeza geral de ruas, com retirada de lixo e entulhos, pintura de meio-fio, poda de \u00e1rvores, capina de mato e manuten\u00e7\u00e3o das \u00e1reas verdes s\u00e3o alguns dos servi\u00e7os que est\u00e3o sendo realizados nestes locais. \u201cOs mutir\u00f5es s\u00f3 ser\u00e3o encerrados quando todos os servi\u00e7os forem finalizados. Este tamb\u00e9m \u00e9 um momento muito importante para que a popula\u00e7\u00e3o tenha consci\u00eancia do seu papel na manuten\u00e7\u00e3o de uma cidade mais limpa e melhor para se morar, evitando jogar lixo e entulho nas ruas\u201d.<\/p>\n<p>A manuten\u00e7\u00e3o do sistema de ilumina\u00e7\u00e3o p\u00fablica, visando principalmente a troca de l\u00e2mpadas de vapor met\u00e1lico (de cor amarela) por vapor de merc\u00fario (cor branca) tamb\u00e9m \u00e9 outro foco do mutir\u00e3o. No caso da avenida Soares Lopes e de outros locais que costumam ser bastante visitados durante o ver\u00e3o ser\u00e1 realizada a recupera\u00e7\u00e3o das pedras portuguesas. Outros pontos da cidade devem ser contemplados com os mutir\u00f5es, a exemplo do Hernani S\u00e1, Sapetinga, Malhado, Nelson Costa, Teot\u00f4nio Vilela, Barra, Iguape, avenidas Itabuna e Princesa Isabel e Oliven\u00e7a. <\/p>\n<p><strong>Caminhada encerra atividades  do Dia Mundial de luta contra a Aids.<\/strong><\/p>\n<p>Uma caminhada realizada quinta-feira (2) pelas ruas do centro de Ilh\u00e9us marcou o encerramento das atividades pelo dia Mundial de Luta contra Aids, promovida pela Secretaria da Sa\u00fade de Ilh\u00e9us, atrav\u00e9s da equipe do Centro de Refer\u00eancia em DST\/Aids. O evento contou com a presen\u00e7a do vice-prefeito M\u00e1rio Alexandre, e do secret\u00e1rio da Sa\u00fade, Jorge Arouca, al\u00e9m da equipe do Centro de Refer\u00eancia em DST\/Aids, Ong\u2019s e profissionais de sa\u00fade.<\/p>\n<p>Durante tr\u00eas dias de campanha, um estande montando pr\u00f3ximo \u00e0 pra\u00e7a J. J. Seabra, realizou a\u00e7\u00f5es envolvendo a popula\u00e7\u00e3o como o aconselhamento coletivo e individual, entrega de material educativo e brindes com mensagem de preven\u00e7\u00e3o, distribui\u00e7\u00e3o de preservativos, al\u00e9m da realiza\u00e7\u00e3o do teste r\u00e1pido para diagn\u00f3stico do HVI. Segundo informa\u00e7\u00f5es da equipe de coordena\u00e7\u00e3o do DST\/Aids, foram realizados cerca de 300 testes, e a aceita\u00e7\u00e3o do p\u00fablico com as atividades e palestras promovidas foi bastante positiva. <\/p>\n<p>Para Katiussa V\u00e9sper, gerente do Centro de Refer\u00eancia em DST\/HIV\/Aids de Ilh\u00e9us, \u201ca realiza\u00e7\u00e3o do teste r\u00e1pido \u00e9 extremamente importante porque atrav\u00e9s do diagn\u00f3stico precoce o paciente evita que, por falta de conhecimento da exist\u00eancia da doen\u00e7a, ele a transmita aos parceiros\u201d. Outro ponto alto da campanha foi a oficina realizada no dia 30 de novembro na Faculdade de Ilh\u00e9us, que contou com a presen\u00e7a de 120 professores do ensino m\u00e9dio da rede municipal. O objetivo da atividade era sensibiliz\u00e1-los para lidarem com a quest\u00e3o da sexualidade dos adolescentes.<\/p>\n<p>O p\u00fablico-alvo escolhido para a campanha deste ano s\u00e3o os jovens na faixa et\u00e1ria de 15 a 24 anos. O tema para as atividades do Dia Mundial de luta contra a Aids \u00e9  \u201co preconceito como aspecto de vulnerabilidade a Aids\u201d. A escolha da tem\u00e1tica tem como base a tend\u00eancia de distanciamento e de nega\u00e7\u00e3o dos jovens em rela\u00e7\u00e3o \u00e0s Doen\u00e7as Sexualmente Transmiss\u00edveis (DST\u2019s) e em especial a Aids, o que costuma afast\u00e1-los de comportamentos seguros de preven\u00e7\u00e3o e os aproxima de atitudes de preconceito em rela\u00e7\u00e3o com vive com a doen\u00e7a. <\/p>\n<p><strong>Pr\u00f3ximas a\u00e7\u00f5es-<\/strong> As a\u00e7\u00f5es de luta contra a Aids devem prosseguir com atividades diferenciadas nos meses de dezembro a mar\u00e7o, contemplando campanhas para as \u00e9pocas de ver\u00e3o e carnaval. A previs\u00e3o \u00e9 de que sejam instalados pontos fixos nos locais de maior circula\u00e7\u00e3o, e carros com pontos volantes nas localidades mais distantes. Nestes pontos ser\u00e3o distribu\u00eddos materiais informativos e preservativos, al\u00e9m da realiza\u00e7\u00e3o de palestras e testes r\u00e1pidos. Segundo a equipe de coordena\u00e7\u00e3o do DST\/Aids, \u00e9 necess\u00e1rio que haja uma mobiliza\u00e7\u00e3o da popula\u00e7\u00e3o local para que posteriormente essas a\u00e7\u00f5es possam alcan\u00e7ar tamb\u00e9m a popula\u00e7\u00e3o flutuante, a exemplo de turistas e veranistas. <\/p>\n<p><strong>Jovens de Ilh\u00e9us t\u00eam acompanhamento  psicossocial de t\u00e9cnica de Salvador<\/strong><\/p>\n<p>Com o objetivo de promover acompanhamento psicossocial em jovens de Ilh\u00e9us que cumpriram medidas socioeducativas de interna\u00e7\u00e3o em Salvador e, por conseguinte, ficaram afastados da fam\u00edlia e comunidade, a assistente-social Amerinalva Silva, da Coordena\u00e7\u00e3o de Apoio \u00e0 Fam\u00edlia e ao Egresso fez no munic\u00edpio doze visitas domiciliares. Os encontros foram nos bairros do Malhado, Teot\u00f4nio Vilela e Nossa Senhora da Vit\u00f3ria e avenidas Princesa Isabel e Esperan\u00e7a, entre outras localidades. Ela afirmou que \u201cdurante a avalia\u00e7\u00e3o verificamos que os adolescentes que se envolveram em atos infracionais \u201cpagam\u201d pelos seus atos de forma dupla, pois nossa sociedade n\u00e3o ajuda para a garantia do retorno saud\u00e1vel\u201d.<\/p>\n<p>Ao fazer um breve balan\u00e7o das suas a\u00e7\u00f5es no munic\u00edpio, a assistente-social explicou que \u201cdiante desta situa\u00e7\u00e3o podemos parabenizar o desempenho dos t\u00e9cnicos dos Centros de Refer\u00eancia Especializado da Assist\u00eancia Social (Creas)-Sentinela de Ilh\u00e9us como \u00f3rg\u00e3o executor de medidas socioeducativas de meio aberto que conquistaram a confian\u00e7a dos jovens e familiares atendidos, conseguindo tamb\u00e9m respeito das institui\u00e7\u00f5es envolvidas na rede de atendimento \u00e0 crian\u00e7a e o adolescente\u201d. <\/p>\n<p>Amerinalva Silva disse que uma das fun\u00e7\u00f5es da entidade \u00e9 acompanhar o jovem egresso no processo de reintegra\u00e7\u00e3o social, fornecer orienta\u00e7\u00e3o e subs\u00eddios para a sua sobreviv\u00eancia e exerc\u00edcio da cidadania. \u201cDurante as visitas encontrei alguns jovens que ainda se sentem amea\u00e7ados e inibidos de reconstru\u00e7\u00e3o de nova vida, numa verdadeira situa\u00e7\u00e3o de pris\u00e3o domiciliar, sendo amea\u00e7ados tanto por parte dos marginais que estavam envolvidos anteriormente quanto por policiais que desacreditam na mudan\u00e7a ocorrida pelo jovem\u201d. <\/p>\n<p>A sua palestra proferida na manh\u00e3 desta quinta-feira (2), na sede local do Creas, contou com a presen\u00e7a de jovens, pais e representantes de entidades envolvidas na educa\u00e7\u00e3o e no atendimento de crian\u00e7as e adolescentes, a exemplo de Centros de Refer\u00eancia da Assist\u00eancia Social (Cras), ONGs, institui\u00e7\u00f5es religiosas, entre outras. \u201cNa oportunidade, ouvimos depoimentos claros de alguns familiares e adolescentes que falaram sobre a mudan\u00e7a positiva na vida dos jovens que participam de atividades desenvolvidas pelo Creas-Sentinela de Ilh\u00e9us\u201d.  <\/p>\n<p><strong>Comandantes de companhias de PM de Ilh\u00e9us discutem viol\u00eancia no munic\u00edpio  <\/strong><\/p>\n<p>Ao coordenar reuni\u00e3o com comandantes de companhias independentes da Pol\u00edcia Militar de Ilh\u00e9us, o vice-prefeito M\u00e1rio Alexandre disse que a partir do encontro ser\u00e1 elaborado um diagn\u00f3stico sobre a viol\u00eancia nas zonas urbana e rural. O documento, solicitando provid\u00eancias imediatas ser\u00e1 entregue na pr\u00f3xima semana, em Salvador, ao comandante geral da PM, coronel Nilton Mascarenhas, pelo prefeito Newton Lima que estar\u00e1 acompanhado da deputada reeleita \u00c2ngela Sousa e de algumas lideran\u00e7as pol\u00edticas da cidade.<\/p>\n<p>No encontro, o vice-prefeito manifestou aos comandantes das companhias independentes de pol\u00edcia, principalmente a preocupa\u00e7\u00e3o da popula\u00e7\u00e3o da zona rural, que na maioria das vezes est\u00e1 sempre \u00e0 merc\u00ea da a\u00e7\u00e3o de marginais. M\u00e1rio Alexandre contou que esse trabalho conjunto entre governos municipal, estadual e representantes da seguran\u00e7a p\u00fablica em Ilh\u00e9us visa levar tranquilidade a in\u00fameras fam\u00edlias que moram em localidades distantes da sede do munic\u00edpio e que t\u00eam sido alvo de permanentes presen\u00e7as de bandidos em suas resid\u00eancias ou em propriedades rurais.  <\/p>\n<p>M\u00e1rio Alexandre ressaltou que toda a comunidade de Ilh\u00e9us espera contar com o apoio do comando geral da PM, para que haja pelo menos amplia\u00e7\u00e3o no refor\u00e7o de policiamento. Ele afirmou que essa a\u00e7\u00e3o deve iniciar de forma imediata, \u201cprincipalmente no momento em que se anunciam as festas populares e grandes eventos musicais de final de ano em diversos locais do munic\u00edpio. Creio que com a efetiva atua\u00e7\u00e3o da Pol\u00edcia Militar de forma ostensiva a situa\u00e7\u00e3o ter\u00e1 efeito positivo e imediato\u201d.  <\/p>\n<p><strong>Odontom\u00f3vel atende  bairros e distritos <\/strong><\/p>\n<p>Ilh\u00e9us conta com servi\u00e7o na \u00e1rea de sa\u00fade bucal que leva at\u00e9 locais mais afastados da cidade atendimento odontol\u00f3gico de qualidade atrav\u00e9s das unidades m\u00f3veis denominadas de Odontom\u00f3vel. O trabalho descentralizado \u00e9 realizado por dois \u00f4nibus equipados e tem como foco as comunidades da zona rural. Todos os meses as equipes se revezam e visitam diversas localidades, al\u00e9m de promover a\u00e7\u00f5es conjuntas com outros programas federais, a exemplo do Bolsa Fam\u00edlia e do Programa de Erradica\u00e7\u00e3o do Trabalho Infantil (Peti). <\/p>\n<p>Os primeiros atendimentos deste m\u00eas foram realizados na creche da igreja cat\u00f3lica no Salobrinho, no dia 1\u00ba, e no dia 2 na avenida Princesa Isabel. J\u00e1 na segunda-feira (6), o \u00f4nibus segue para a Vila Santaninha e na ter\u00e7a-feira (7) \u00e9 a vez do assentamento Bonfim, todos os atendimentos em atividades conjuntas com o Bolsa Fam\u00edlia. No dia 8, o Peti da Conquista recebe a unidade, seguido de Pimenteira, dia 9, e Inema, dia 10, esses dois \u00faltimos em parceria com o programa Bolsa Fam\u00edlia. <\/p>\n<p>Prosseguindo com a programa\u00e7\u00e3o, a equipe da Secretaria de Sa\u00fade contempla ainda as localidades de Vila S\u00e3o Jos\u00e9 (13), Retiro (14), Ponta da Tulha (15), Ribeira das Pedras (16) e Carobeira de Cima (20). O Odontom\u00f3vel realiza atendimento no assentamento Bom Gosto\/Bal\u00e3o, pr\u00f3ximo ao final de linha do Itariri, em conjunto com o programa Bolsa Fam\u00edlia no dia 21. <\/p>\n<p>Encerrando as atividades do m\u00eas, no dia 22 a Vila Cachoeira ser\u00e1 beneficiada com atendimento, tamb\u00e9m em parceria com o Bolsa Fam\u00edlia, e no dia 23 \u00e9 a vez da Associa\u00e7\u00e3o Frei Vantui, na rodovia Ilh\u00e9us- Itabuna. Os atendimentos s\u00e3o realizados das 8 \u00e0s 17 horas, per\u00edodo em que a equipe, formada por cirurgi\u00e3o-dentista e auxiliares realiza tratamento dent\u00e1rio de baixa e m\u00e9dia complexidade, aux\u00edlio preventivo com aplica\u00e7\u00e3o de fl\u00faor, palestras e distribui\u00e7\u00e3o de material informativo.<\/p>\n<p><strong>Lan\u00e7amento de audibook \u00e9 transferido para a ter\u00e7a-feira <\/strong><\/p>\n<p>\u201cEm virtude dos problemas que assolaram o Rio de Janeiro nos \u00faltimos dias, a transportadora respons\u00e1vel pelos audiolivros &#8220;O tesouro perdido das terras do sem fim&#8221;, informou que eles s\u00f3 poder\u00e3o ser entregues nesta segunda-feira (6). Assim sendo, o lan\u00e7amento do audiobook foi transferido para esta ter\u00e7a-feira (7)\u201d. O aviso foi feito pelo escritor, ator e diretor de Teatro, Pawlo Cidade, que disse ainda que a mesma programa\u00e7\u00e3o de hor\u00e1rios e locais ser\u00e1 mantida. <\/p>\n<p>A vers\u00e3o em \u00e1udio ser\u00e1 lan\u00e7ada \u00e0s 10 horas, na Biblioteca P\u00fablica Adonias Filho, na pra\u00e7a Castro Alves; na Livraria Papirus, no cal\u00e7ad\u00e3o da rua Dom Pedro II, \u00e0s 16 horas, e na Academia Letras de Ilh\u00e9us, \u00e0s 18h30min. A iniciativa contou com o patroc\u00ednio do Fundo de Cultura da Bahia e governo do estado. Lan\u00e7ado na vers\u00e3o impressa em 2005, o livro j\u00e1 parte da lista de tr\u00eas escolas particulares de ensino do munic\u00edpio e \u00e9 trabalhado por algumas escolas p\u00fablicas municipais. <\/p>\n<p>O objetivo do autor \u00e9 ampliar a utiliza\u00e7\u00e3o dessa ferramenta de est\u00edmulo \u00e0 alfabetiza\u00e7\u00e3o para um maior n\u00famero de unidades escolares privadas e p\u00fablicas do munic\u00edpio e da regi\u00e3o. O romance, da editora Via Litterarum, conta de maneira inovadora, a hist\u00f3ria do munic\u00edpio de Ilh\u00e9us atrav\u00e9s de tr\u00eas adolescentes que se aventuram em busca de um tesouro perdido. <\/p>\n","protected":false},"excerpt":{"rendered":"<p>Capitania dos Portos de Ilh\u00e9us lan\u00e7a campanha Legal no Mar Casa de Cultura Jorge Amado ser\u00e1 revitalizada antes do seu centen\u00e1rio Opera\u00e7\u00e3o Ver\u00e3o \u00e9 deflagrada na zona sul e centro de Ilh\u00e9us Caminhada encerra atividades do Dia Mundial de luta contra a Aids. Jovens de Ilh\u00e9us t\u00eam acompanhamento psicossocial de t\u00e9cnica de Salvador Comandantes de [&hellip;]<\/p>\n","protected":false},"author":2,"featured_media":0,"comment_status":"open","ping_status":"open","sticky":false,"template":"","format":"standard","meta":{"_links_to":"","_links_to_target":""},"categories":[23],"tags":[],"_links":{"self":[{"href":"https:\/\/www.r2cpress.com.br\/v1\/wp-json\/wp\/v2\/posts\/3622"}],"collection":[{"href":"https:\/\/www.r2cpress.com.br\/v1\/wp-json\/wp\/v2\/posts"}],"about":[{"href":"https:\/\/www.r2cpress.com.br\/v1\/wp-json\/wp\/v2\/types\/post"}],"author":[{"embeddable":true,"href":"https:\/\/www.r2cpress.com.br\/v1\/wp-json\/wp\/v2\/users\/2"}],"replies":[{"embeddable":true,"href":"https:\/\/www.r2cpress.com.br\/v1\/wp-json\/wp\/v2\/comments?post=3622"}],"version-history":[{"count":2,"href":"https:\/\/www.r2cpress.com.br\/v1\/wp-json\/wp\/v2\/posts\/3622\/revisions"}],"predecessor-version":[{"id":3625,"href":"https:\/\/www.r2cpress.com.br\/v1\/wp-json\/wp\/v2\/posts\/3622\/revisions\/3625"}],"wp:attachment":[{"href":"https:\/\/www.r2cpress.com.br\/v1\/wp-json\/wp\/v2\/media?parent=3622"}],"wp:term":[{"taxonomy":"category","embeddable":true,"href":"https:\/\/www.r2cpress.com.br\/v1\/wp-json\/wp\/v2\/categories?post=3622"},{"taxonomy":"post_tag","embeddable":true,"href":"https:\/\/www.r2cpress.com.br\/v1\/wp-json\/wp\/v2\/tags?post=3622"}],"curies":[{"name":"wp","href":"https:\/\/api.w.org\/{rel}","templated":true}]}}