{"id":36251,"date":"2012-02-14T23:32:08","date_gmt":"2012-02-15T01:32:08","guid":{"rendered":"http:\/\/www.r2cpress.com.br\/v1\/?p=36251"},"modified":"2012-02-14T23:32:08","modified_gmt":"2012-02-15T01:32:08","slug":"extracao-de-areia-clandestina-em-olivenca-ilheus-bahia","status":"publish","type":"post","link":"https:\/\/www.r2cpress.com.br\/v1\/2012\/02\/14\/extracao-de-areia-clandestina-em-olivenca-ilheus-bahia\/","title":{"rendered":"Extra\u00e7\u00e3o de areia clandestina em Oliven\u00e7a &#8211; Ilh\u00e9us &#8211; Bahia"},"content":{"rendered":"<p><div id=\"attachment_36252\" style=\"width: 310px\" class=\"wp-caption alignleft\"><a href=\"http:\/\/www.r2cpress.com.br\/v1\/wp-content\/uploads\/mont-areia-delegacia-ambiental-oliven\u00e7a.jpg\"><img aria-describedby=\"caption-attachment-36252\" loading=\"lazy\" src=\"http:\/\/www.r2cpress.com.br\/v1\/wp-content\/uploads\/mont-areia-delegacia-ambiental-oliven\u00e7a-300x168.jpg\" alt=\"\" title=\"mont areia delegacia ambiental oliven\u00e7a\" width=\"300\" height=\"168\" class=\"size-medium wp-image-36252\" srcset=\"https:\/\/www.r2cpress.com.br\/v1\/wp-content\/uploads\/mont-areia-delegacia-ambiental-oliven\u00e7a-300x168.jpg 300w, https:\/\/www.r2cpress.com.br\/v1\/wp-content\/uploads\/mont-areia-delegacia-ambiental-oliven\u00e7a.jpg 899w\" sizes=\"(max-width: 300px) 100vw, 300px\" \/><\/a><p id=\"caption-attachment-36252\" class=\"wp-caption-text\">Clique para AMPLIAR.<\/p><\/div>Na tarde de ontem (13\/02\/2012), sob orienta\u00e7\u00f5es de Dr. Humberto Mattos \u2013 Delegado Titular, uma equipe da Delegacia de Prote\u00e7\u00e3o Ambiental \u2013 DPA, deslocou at\u00e9 o Distrito de Oliven\u00e7a, Zona Sul de Ilh\u00e9us, para coibir a extra\u00e7\u00e3o e transporte de areia clandestina naquela localidade. Por volta das 17:20 horas, foi encontrado um areal de nome \u201cAREAL PARA\u00cdSO\u201d, de propriedade do Sr. Gilvan Bezerra Lima J\u00fanior em plena atividade de extra\u00e7\u00e3o e no momento da fiscaliza\u00e7\u00e3o n\u00e3o foi mostrado nenhuma Licen\u00e7a Ambiental, sendo apreendidos 08 (oito) ca\u00e7ambas e 02 (duas) m\u00e1quinas para a extra\u00e7\u00e3o da areia e abastecimento das ca\u00e7ambas. Sendo todo o material apreendido e apresentado a autoridade competente.<\/p>\n<p>No dia de hoje (14\/02\/2012), o propriet\u00e1rio do areal foi ouvido e apesar de mostrar a Licen\u00e7a Ambiental vencida e uma prorroga\u00e7\u00e3o que est\u00e1 sendo investigada a sua validade, o AREAL PARA\u00cdSO foi embargado pelo Departamento Nacional de Pesquisa Mineral \u2013 DNPM no dia 15\/12\/2011, o que impede a extra\u00e7\u00e3o de areia naquela localidade.<\/p>\n<p>Um Inqu\u00e9rito Policial foi aberto para apurar a extra\u00e7\u00e3o de areia sem autoriza\u00e7\u00e3o dos \u00f3rg\u00e3os competentes e outro Inqu\u00e9rito Policial foi aberto para investigar toda a documenta\u00e7\u00e3o apresentada pelo propriet\u00e1rio do areal, bem como, os tr\u00e2mites da Licen\u00e7a Ambiental.<\/p>\n<p>Qualquer den\u00fancia de crime ambiental pode ser encaminhada pelo telefone (73) 3234-8147, email: dpailheus@hotmail.com ou na sede da Delegacia, na Rua Rotary, 261, Cidade Nova, Ilh\u00e9us\/BA \u2013 na mesma rua do ex\u00e9rcito.<\/p>\n<p>&#8212;<br \/>\nASCOM \u2013 DPA de Ilh\u00e9us.<\/p>\n","protected":false},"excerpt":{"rendered":"<p>Na tarde de ontem (13\/02\/2012), sob orienta\u00e7\u00f5es de Dr. Humberto Mattos \u2013 Delegado Titular, uma equipe da Delegacia de Prote\u00e7\u00e3o Ambiental \u2013 DPA, deslocou at\u00e9 o Distrito de Oliven\u00e7a, Zona Sul de Ilh\u00e9us, para coibir a extra\u00e7\u00e3o e transporte de areia clandestina naquela localidade. Por volta das 17:20 horas, foi encontrado um areal de nome [&hellip;]<\/p>\n","protected":false},"author":2,"featured_media":0,"comment_status":"open","ping_status":"open","sticky":false,"template":"","format":"standard","meta":{"_links_to":"","_links_to_target":""},"categories":[25],"tags":[],"_links":{"self":[{"href":"https:\/\/www.r2cpress.com.br\/v1\/wp-json\/wp\/v2\/posts\/36251"}],"collection":[{"href":"https:\/\/www.r2cpress.com.br\/v1\/wp-json\/wp\/v2\/posts"}],"about":[{"href":"https:\/\/www.r2cpress.com.br\/v1\/wp-json\/wp\/v2\/types\/post"}],"author":[{"embeddable":true,"href":"https:\/\/www.r2cpress.com.br\/v1\/wp-json\/wp\/v2\/users\/2"}],"replies":[{"embeddable":true,"href":"https:\/\/www.r2cpress.com.br\/v1\/wp-json\/wp\/v2\/comments?post=36251"}],"version-history":[{"count":2,"href":"https:\/\/www.r2cpress.com.br\/v1\/wp-json\/wp\/v2\/posts\/36251\/revisions"}],"predecessor-version":[{"id":36254,"href":"https:\/\/www.r2cpress.com.br\/v1\/wp-json\/wp\/v2\/posts\/36251\/revisions\/36254"}],"wp:attachment":[{"href":"https:\/\/www.r2cpress.com.br\/v1\/wp-json\/wp\/v2\/media?parent=36251"}],"wp:term":[{"taxonomy":"category","embeddable":true,"href":"https:\/\/www.r2cpress.com.br\/v1\/wp-json\/wp\/v2\/categories?post=36251"},{"taxonomy":"post_tag","embeddable":true,"href":"https:\/\/www.r2cpress.com.br\/v1\/wp-json\/wp\/v2\/tags?post=36251"}],"curies":[{"name":"wp","href":"https:\/\/api.w.org\/{rel}","templated":true}]}}