{"id":36325,"date":"2012-02-15T20:54:10","date_gmt":"2012-02-15T22:54:10","guid":{"rendered":"http:\/\/www.r2cpress.com.br\/v1\/?p=36325"},"modified":"2012-02-15T20:54:10","modified_gmt":"2012-02-15T22:54:10","slug":"nao-ha-fronteiras-para-a-competencia-do-dr-eusinio-lavigne","status":"publish","type":"post","link":"https:\/\/www.r2cpress.com.br\/v1\/2012\/02\/15\/nao-ha-fronteiras-para-a-competencia-do-dr-eusinio-lavigne\/","title":{"rendered":"N\u00e3o h\u00e1 fronteiras para a compet\u00eancia do Dr. Eus\u00ednio Lavigne"},"content":{"rendered":"<p><div id=\"attachment_36326\" style=\"width: 210px\" class=\"wp-caption alignright\"><a href=\"http:\/\/www.r2cpress.com.br\/v1\/wp-content\/uploads\/Eusinio-Lavigne-Oftalmo-1.jpg\"><img aria-describedby=\"caption-attachment-36326\" loading=\"lazy\" src=\"http:\/\/www.r2cpress.com.br\/v1\/wp-content\/uploads\/Eusinio-Lavigne-Oftalmo-1-200x300.jpg\" alt=\"\" title=\"Eusinio Lavigne-Oftalmo 1\" width=\"200\" height=\"300\" class=\"size-medium wp-image-36326\" srcset=\"https:\/\/www.r2cpress.com.br\/v1\/wp-content\/uploads\/Eusinio-Lavigne-Oftalmo-1-200x300.jpg 200w, https:\/\/www.r2cpress.com.br\/v1\/wp-content\/uploads\/Eusinio-Lavigne-Oftalmo-1.jpg 400w\" sizes=\"(max-width: 200px) 100vw, 200px\" \/><\/a><p id=\"caption-attachment-36326\" class=\"wp-caption-text\">Eusinio Lavigne<\/p><\/div>A compet\u00eancia e credibilidade do renomado Cirurgi\u00e3o Ilheense Dr. Eus\u00ednio Lavigne parecem n\u00e3o encontrar limites, h\u00e1 muito tempo que j\u00e1 ultrapassaram as fronteiras do Brasil com seu consult\u00f3rio no Hospital de Olhos ELCLIN, frequentemente recebendo e operando pacientes de todos os cantos do Brasil e do mundo.  No entanto a procura no exterior por seus cuidados m\u00e9dicos vem crescendo de forma t\u00e3o vertiginosa que o Dr. Eus\u00ednio Lavigne (foto) estar\u00e1 abrindo mais escrit\u00f3rios na Europa.<\/p>\n<p>   Nesse m\u00eas de fevereiro os escrit\u00f3rios em Lisboa (Portugal) e na Cidade do Porto (Portugal) j\u00e1 estar\u00e3o agendando cirurgias de Catarata e Refrativas a Laser. <\/p>\n<p>O m\u00e9dico atualmente se encontra em Portugal organizando detalhes desses novos empreendimentos, que ter\u00e3o como s\u00f3cios empres\u00e1rios da regi\u00e3o. <\/p>\n<p>Parabenizamos toda a equipe m\u00e9dica do Hospital de Olhos ELCLIN, profissionais que atuam em Ilh\u00e9us com muita compet\u00eancia e orgulham a nossa cidade com o profissionalismo reconhecido por todo o mundo.  <\/p>\n","protected":false},"excerpt":{"rendered":"<p>A compet\u00eancia e credibilidade do renomado Cirurgi\u00e3o Ilheense Dr. Eus\u00ednio Lavigne parecem n\u00e3o encontrar limites, h\u00e1 muito tempo que j\u00e1 ultrapassaram as fronteiras do Brasil com seu consult\u00f3rio no Hospital de Olhos ELCLIN, frequentemente recebendo e operando pacientes de todos os cantos do Brasil e do mundo. No entanto a procura no exterior por seus [&hellip;]<\/p>\n","protected":false},"author":2,"featured_media":0,"comment_status":"open","ping_status":"open","sticky":false,"template":"","format":"standard","meta":{"_links_to":"","_links_to_target":""},"categories":[24],"tags":[],"_links":{"self":[{"href":"https:\/\/www.r2cpress.com.br\/v1\/wp-json\/wp\/v2\/posts\/36325"}],"collection":[{"href":"https:\/\/www.r2cpress.com.br\/v1\/wp-json\/wp\/v2\/posts"}],"about":[{"href":"https:\/\/www.r2cpress.com.br\/v1\/wp-json\/wp\/v2\/types\/post"}],"author":[{"embeddable":true,"href":"https:\/\/www.r2cpress.com.br\/v1\/wp-json\/wp\/v2\/users\/2"}],"replies":[{"embeddable":true,"href":"https:\/\/www.r2cpress.com.br\/v1\/wp-json\/wp\/v2\/comments?post=36325"}],"version-history":[{"count":2,"href":"https:\/\/www.r2cpress.com.br\/v1\/wp-json\/wp\/v2\/posts\/36325\/revisions"}],"predecessor-version":[{"id":36328,"href":"https:\/\/www.r2cpress.com.br\/v1\/wp-json\/wp\/v2\/posts\/36325\/revisions\/36328"}],"wp:attachment":[{"href":"https:\/\/www.r2cpress.com.br\/v1\/wp-json\/wp\/v2\/media?parent=36325"}],"wp:term":[{"taxonomy":"category","embeddable":true,"href":"https:\/\/www.r2cpress.com.br\/v1\/wp-json\/wp\/v2\/categories?post=36325"},{"taxonomy":"post_tag","embeddable":true,"href":"https:\/\/www.r2cpress.com.br\/v1\/wp-json\/wp\/v2\/tags?post=36325"}],"curies":[{"name":"wp","href":"https:\/\/api.w.org\/{rel}","templated":true}]}}